{"id":9783,"date":"2025-10-31T06:13:00","date_gmt":"2025-10-31T06:13:00","guid":{"rendered":"https:\/\/www.abchukuk.com\/index.php\/2025\/10\/31\/selahattin-demirtastan-dikkat-ceken-surec-degerlendirmesi-kardeslik-hukukuna-iliskin-tek-bir-adim-bile-atilmadi\/"},"modified":"2025-10-31T06:13:00","modified_gmt":"2025-10-31T06:13:00","slug":"selahattin-demirtastan-dikkat-ceken-surec-degerlendirmesi-kardeslik-hukukuna-iliskin-tek-bir-adim-bile-atilmadi","status":"publish","type":"post","link":"https:\/\/www.abchukuk.com\/index.php\/2025\/10\/31\/selahattin-demirtastan-dikkat-ceken-surec-degerlendirmesi-kardeslik-hukukuna-iliskin-tek-bir-adim-bile-atilmadi\/","title":{"rendered":"Selahattin Demirta\u015f&#8217;tan dikkat \u00e7eken &#8216;s\u00fcre\u00e7&#8217; de\u011ferlendirmesi: &#8216;Karde\u015flik hukukuna ili\u015fkin tek bir ad\u0131m bile at\u0131lmad\u0131&#8217;"},"content":{"rendered":"<p>Eski HDP e\u015f genel ba\u015fkan\u0131 Selahattin Demirta\u015f, \u2018s\u00fcre\u00e7\u2019 i\u00e7in \u201cKarde\u015flik hukuku ve duygusu onar\u0131lmal\u0131yd\u0131. \u0130\u015fte buna ili\u015fkin etkili, sonu\u00e7 al\u0131c\u0131 tek bir ad\u0131m bile at\u0131lmad\u0131\u201d dedi.Eski HDP e\u015f genel ba\u015fkan\u0131 Selahattin Demirta\u015f, \u2018s\u00fcre\u00e7\u2019 i\u00e7in \u201cKarde\u015flik hukuku ve duygusu onar\u0131lmal\u0131yd\u0131. \u0130\u015fte buna ili\u015fkin etkili, sonu\u00e7 al\u0131c\u0131 tek bir ad\u0131m bile at\u0131lmad\u0131\u201d dedi.\u00a0<a href=\"https:\/\/www.cumhuriyet.com.tr\/siyaset\/selahattin-demirtas-tan-dikkat-ceken-surec-degerlendirmesi-kardeslik-hukukuna-iliskin-tek-bir-adim-bile-atilmadi-2448461\" target=\"_blank\" class=\"feedzy-rss-link-icon\">Read More<\/a><\/p>","protected":false},"excerpt":{"rendered":"<p>Eski HDP e\u015f genel ba\u015fkan\u0131 Selahattin Demirta\u015f, \u2018s\u00fcre\u00e7\u2019 i\u00e7in \u201cKarde\u015flik hukuku ve duygusu onar\u0131lmal\u0131yd\u0131. \u0130\u015fte buna ili\u015fkin etkili, sonu\u00e7 al\u0131c\u0131 tek bir ad\u0131m bile at\u0131lmad\u0131\u201d dedi.Eski HDP e\u015f genel ba\u015fkan\u0131 Selahattin Demirta\u015f, \u2018s\u00fcre\u00e7\u2019 i\u00e7in \u201cKarde\u015flik hukuku ve duygusu onar\u0131lmal\u0131yd\u0131. \u0130\u015fte buna ili\u015fkin etkili, sonu\u00e7 al\u0131c\u0131 tek bir ad\u0131m bile at\u0131lmad\u0131\u201d dedi.\u00a0Read More<\/p>\n","protected":false},"author":1,"featured_media":9784,"comment_status":"open","ping_status":"open","sticky":false,"template":"","format":"standard","meta":{"footnotes":"","_links_to":"","_links_to_target":""},"categories":[1],"tags":[],"class_list":["post-9783","post","type-post","status-publish","format-standard","has-post-thumbnail","hentry","category-haberler"],"_links":{"self":[{"href":"https:\/\/www.abchukuk.com\/index.php\/wp-json\/wp\/v2\/posts\/9783","targetHints":{"allow":["GET"]}}],"collection":[{"href":"https:\/\/www.abchukuk.com\/index.php\/wp-json\/wp\/v2\/posts"}],"about":[{"href":"https:\/\/www.abchukuk.com\/index.php\/wp-json\/wp\/v2\/types\/post"}],"author":[{"embeddable":true,"href":"https:\/\/www.abchukuk.com\/index.php\/wp-json\/wp\/v2\/users\/1"}],"replies":[{"embeddable":true,"href":"https:\/\/www.abchukuk.com\/index.php\/wp-json\/wp\/v2\/comments?post=9783"}],"version-history":[{"count":0,"href":"https:\/\/www.abchukuk.com\/index.php\/wp-json\/wp\/v2\/posts\/9783\/revisions"}],"wp:featuredmedia":[{"embeddable":true,"href":"https:\/\/www.abchukuk.com\/index.php\/wp-json\/wp\/v2\/media\/9784"}],"wp:attachment":[{"href":"https:\/\/www.abchukuk.com\/index.php\/wp-json\/wp\/v2\/media?parent=9783"}],"wp:term":[{"taxonomy":"category","embeddable":true,"href":"https:\/\/www.abchukuk.com\/index.php\/wp-json\/wp\/v2\/categories?post=9783"},{"taxonomy":"post_tag","embeddable":true,"href":"https:\/\/www.abchukuk.com\/index.php\/wp-json\/wp\/v2\/tags?post=9783"}],"curies":[{"name":"wp","href":"https:\/\/api.w.org\/{rel}","templated":true}]}}