{"id":9777,"date":"2025-10-31T06:25:00","date_gmt":"2025-10-31T06:25:00","guid":{"rendered":"https:\/\/www.abchukuk.com\/index.php\/2025\/10\/31\/adem-soytekinin-tutuklanmasinin-ardindan-chpden-avukat-mehmet-pehlivan-icin-tahliye-cagrisi\/"},"modified":"2025-10-31T06:25:00","modified_gmt":"2025-10-31T06:25:00","slug":"adem-soytekinin-tutuklanmasinin-ardindan-chpden-avukat-mehmet-pehlivan-icin-tahliye-cagrisi","status":"publish","type":"post","link":"https:\/\/www.abchukuk.com\/index.php\/2025\/10\/31\/adem-soytekinin-tutuklanmasinin-ardindan-chpden-avukat-mehmet-pehlivan-icin-tahliye-cagrisi\/","title":{"rendered":"Adem Soytekin&#8217;in tutuklanmas\u0131n\u0131n ard\u0131ndan CHP&#8217;den Avukat Mehmet Pehlivan i\u00e7in &#8216;tahliye&#8217; \u00e7a\u011fr\u0131s\u0131"},"content":{"rendered":"<p>CHP&#8217;li Ali Mahir Ba\u015far\u0131r, &#8220;Adem Soytekin\u2019in \u2018\u00e7eli\u015fkili\u2019 ve \u2018ger\u00e7e\u011fe ayk\u0131r\u0131\u2019 beyanlar\u0131 gerek\u00e7e g\u00f6sterilerek \u00f6zg\u00fcrl\u00fc\u011f\u00fcnden mahrum edilen ki\u015filer serbest kalacak m\u0131? \u0130\u015fte, Avukat Mehmet Pehlivan, bu ifadeler y\u00fcz\u00fcnden \u015fu anda cezaevinde. Ne zaman b\u0131rak\u0131lacak?&#8221; diye sordu.CHP&#8217;li Ali Mahir Ba\u015far\u0131r, &#8220;Adem Soytekin\u2019in \u2018\u00e7eli\u015fkili\u2019 ve \u2018ger\u00e7e\u011fe ayk\u0131r\u0131\u2019 beyanlar\u0131 gerek\u00e7e g\u00f6sterilerek \u00f6zg\u00fcrl\u00fc\u011f\u00fcnden mahrum edilen ki\u015filer serbest kalacak m\u0131? \u0130\u015fte, Avukat Mehmet Pehlivan, bu ifadeler y\u00fcz\u00fcnden \u015fu anda cezaevinde. Ne zaman b\u0131rak\u0131lacak?&#8221; diye sordu.\u00a0<a href=\"https:\/\/www.cumhuriyet.com.tr\/siyaset\/adem-soytekin-in-tutuklanmasinin-ardindan-chp-den-avukat-mehmet-pehlivan-icin-tahliye-cagrisi-2448466\" target=\"_blank\" class=\"feedzy-rss-link-icon\">Read More<\/a><\/p>","protected":false},"excerpt":{"rendered":"<p>CHP&#8217;li Ali Mahir Ba\u015far\u0131r, &#8220;Adem Soytekin\u2019in \u2018\u00e7eli\u015fkili\u2019 ve \u2018ger\u00e7e\u011fe ayk\u0131r\u0131\u2019 beyanlar\u0131 gerek\u00e7e g\u00f6sterilerek \u00f6zg\u00fcrl\u00fc\u011f\u00fcnden mahrum edilen ki\u015filer serbest kalacak m\u0131? \u0130\u015fte, Avukat Mehmet Pehlivan, bu ifadeler y\u00fcz\u00fcnden \u015fu anda cezaevinde. Ne zaman b\u0131rak\u0131lacak?&#8221; diye sordu.CHP&#8217;li Ali Mahir Ba\u015far\u0131r, &#8220;Adem Soytekin\u2019in \u2018\u00e7eli\u015fkili\u2019 ve \u2018ger\u00e7e\u011fe ayk\u0131r\u0131\u2019 beyanlar\u0131 gerek\u00e7e g\u00f6sterilerek \u00f6zg\u00fcrl\u00fc\u011f\u00fcnden mahrum edilen ki\u015filer serbest kalacak m\u0131? \u0130\u015fte, [&hellip;]<\/p>\n","protected":false},"author":1,"featured_media":9778,"comment_status":"open","ping_status":"open","sticky":false,"template":"","format":"standard","meta":{"footnotes":"","_links_to":"","_links_to_target":""},"categories":[1],"tags":[],"class_list":["post-9777","post","type-post","status-publish","format-standard","has-post-thumbnail","hentry","category-haberler"],"_links":{"self":[{"href":"https:\/\/www.abchukuk.com\/index.php\/wp-json\/wp\/v2\/posts\/9777","targetHints":{"allow":["GET"]}}],"collection":[{"href":"https:\/\/www.abchukuk.com\/index.php\/wp-json\/wp\/v2\/posts"}],"about":[{"href":"https:\/\/www.abchukuk.com\/index.php\/wp-json\/wp\/v2\/types\/post"}],"author":[{"embeddable":true,"href":"https:\/\/www.abchukuk.com\/index.php\/wp-json\/wp\/v2\/users\/1"}],"replies":[{"embeddable":true,"href":"https:\/\/www.abchukuk.com\/index.php\/wp-json\/wp\/v2\/comments?post=9777"}],"version-history":[{"count":0,"href":"https:\/\/www.abchukuk.com\/index.php\/wp-json\/wp\/v2\/posts\/9777\/revisions"}],"wp:featuredmedia":[{"embeddable":true,"href":"https:\/\/www.abchukuk.com\/index.php\/wp-json\/wp\/v2\/media\/9778"}],"wp:attachment":[{"href":"https:\/\/www.abchukuk.com\/index.php\/wp-json\/wp\/v2\/media?parent=9777"}],"wp:term":[{"taxonomy":"category","embeddable":true,"href":"https:\/\/www.abchukuk.com\/index.php\/wp-json\/wp\/v2\/categories?post=9777"},{"taxonomy":"post_tag","embeddable":true,"href":"https:\/\/www.abchukuk.com\/index.php\/wp-json\/wp\/v2\/tags?post=9777"}],"curies":[{"name":"wp","href":"https:\/\/api.w.org\/{rel}","templated":true}]}}