{"id":9773,"date":"2025-10-31T06:33:00","date_gmt":"2025-10-31T06:33:00","guid":{"rendered":"https:\/\/www.abchukuk.com\/index.php\/2025\/10\/31\/ozan-elektronik-para-asye-kayyum-atandi-10-supheliye-gozalti-karari\/"},"modified":"2025-10-31T06:33:00","modified_gmt":"2025-10-31T06:33:00","slug":"ozan-elektronik-para-asye-kayyum-atandi-10-supheliye-gozalti-karari","status":"publish","type":"post","link":"https:\/\/www.abchukuk.com\/index.php\/2025\/10\/31\/ozan-elektronik-para-asye-kayyum-atandi-10-supheliye-gozalti-karari\/","title":{"rendered":"Ozan Elektronik Para A\u015e&#8217;ye kayyum atand\u0131: 10 \u015f\u00fcpheliye g\u00f6zalt\u0131 karar\u0131!"},"content":{"rendered":"<p>\u0130stanbul&#8217;da, su\u00e7 \u00f6rg\u00fct\u00fc kurarak yasa d\u0131\u015f\u0131 yollarla elde edilen gelirleri aklad\u0131klar\u0131 ve y\u00fcksek hacimli \u015f\u00fcpheli finansal i\u015flemler yapt\u0131klar\u0131 iddias\u0131yla 10 \u015f\u00fcpheli hakk\u0131nda g\u00f6zalt\u0131 karar\u0131 verilirken, 402 milyon lira de\u011ferindeki mal varl\u0131\u011f\u0131na el konuldu.\u0130stanbul&#8217;da, su\u00e7 \u00f6rg\u00fct\u00fc kurarak yasa d\u0131\u015f\u0131 yollarla elde edilen gelirleri aklad\u0131klar\u0131 ve y\u00fcksek hacimli \u015f\u00fcpheli finansal i\u015flemler yapt\u0131klar\u0131 iddias\u0131yla 10 \u015f\u00fcpheli hakk\u0131nda g\u00f6zalt\u0131 karar\u0131 verilirken, 402 milyon lira de\u011ferindeki mal varl\u0131\u011f\u0131na el konuldu.\u00a0<a href=\"https:\/\/www.cumhuriyet.com.tr\/turkiye\/ozan-elektronik-para-as-ye-kayyum-atandi-10-supheliye-gozalti-karari-2448470\" target=\"_blank\" class=\"feedzy-rss-link-icon\">Read More<\/a><\/p>","protected":false},"excerpt":{"rendered":"<p>\u0130stanbul&#8217;da, su\u00e7 \u00f6rg\u00fct\u00fc kurarak yasa d\u0131\u015f\u0131 yollarla elde edilen gelirleri aklad\u0131klar\u0131 ve y\u00fcksek hacimli \u015f\u00fcpheli finansal i\u015flemler yapt\u0131klar\u0131 iddias\u0131yla 10 \u015f\u00fcpheli hakk\u0131nda g\u00f6zalt\u0131 karar\u0131 verilirken, 402 milyon lira de\u011ferindeki mal varl\u0131\u011f\u0131na el konuldu.\u0130stanbul&#8217;da, su\u00e7 \u00f6rg\u00fct\u00fc kurarak yasa d\u0131\u015f\u0131 yollarla elde edilen gelirleri aklad\u0131klar\u0131 ve y\u00fcksek hacimli \u015f\u00fcpheli finansal i\u015flemler yapt\u0131klar\u0131 iddias\u0131yla 10 \u015f\u00fcpheli hakk\u0131nda g\u00f6zalt\u0131 [&hellip;]<\/p>\n","protected":false},"author":1,"featured_media":9774,"comment_status":"open","ping_status":"open","sticky":false,"template":"","format":"standard","meta":{"footnotes":"","_links_to":"","_links_to_target":""},"categories":[1],"tags":[],"class_list":["post-9773","post","type-post","status-publish","format-standard","has-post-thumbnail","hentry","category-haberler"],"_links":{"self":[{"href":"https:\/\/www.abchukuk.com\/index.php\/wp-json\/wp\/v2\/posts\/9773","targetHints":{"allow":["GET"]}}],"collection":[{"href":"https:\/\/www.abchukuk.com\/index.php\/wp-json\/wp\/v2\/posts"}],"about":[{"href":"https:\/\/www.abchukuk.com\/index.php\/wp-json\/wp\/v2\/types\/post"}],"author":[{"embeddable":true,"href":"https:\/\/www.abchukuk.com\/index.php\/wp-json\/wp\/v2\/users\/1"}],"replies":[{"embeddable":true,"href":"https:\/\/www.abchukuk.com\/index.php\/wp-json\/wp\/v2\/comments?post=9773"}],"version-history":[{"count":0,"href":"https:\/\/www.abchukuk.com\/index.php\/wp-json\/wp\/v2\/posts\/9773\/revisions"}],"wp:featuredmedia":[{"embeddable":true,"href":"https:\/\/www.abchukuk.com\/index.php\/wp-json\/wp\/v2\/media\/9774"}],"wp:attachment":[{"href":"https:\/\/www.abchukuk.com\/index.php\/wp-json\/wp\/v2\/media?parent=9773"}],"wp:term":[{"taxonomy":"category","embeddable":true,"href":"https:\/\/www.abchukuk.com\/index.php\/wp-json\/wp\/v2\/categories?post=9773"},{"taxonomy":"post_tag","embeddable":true,"href":"https:\/\/www.abchukuk.com\/index.php\/wp-json\/wp\/v2\/tags?post=9773"}],"curies":[{"name":"wp","href":"https:\/\/api.w.org\/{rel}","templated":true}]}}