{"id":9767,"date":"2025-10-31T06:41:00","date_gmt":"2025-10-31T06:41:00","guid":{"rendered":"https:\/\/www.abchukuk.com\/index.php\/2025\/10\/31\/resmi-gazetede-yayimlandi-yeni-emeklilik-sistemi-yolda\/"},"modified":"2025-10-31T06:41:00","modified_gmt":"2025-10-31T06:41:00","slug":"resmi-gazetede-yayimlandi-yeni-emeklilik-sistemi-yolda","status":"publish","type":"post","link":"https:\/\/www.abchukuk.com\/index.php\/2025\/10\/31\/resmi-gazetede-yayimlandi-yeni-emeklilik-sistemi-yolda\/","title":{"rendered":"Resmi Gazete&#8217;de yay\u0131mland\u0131: Yeni emeklilik sistemi yolda!"},"content":{"rendered":"<p>2026 Y\u0131l\u0131 Cumhurba\u015fkan\u0131 Y\u0131ll\u0131k Program\u0131, T\u00fcrkiye ekonomisinde mali disiplinin korunmas\u0131 ve yap\u0131sal reformlar\u0131n s\u00fcrd\u00fcr\u00fclmesini \u00f6ng\u00f6r\u00fcyor. Programda s\u00fcrd\u00fcr\u00fclebilir b\u00fcy\u00fcme hedefleriyle birlikte tamamlay\u0131c\u0131 emeklilik sisteminin kurulmas\u0131 planlan\u0131yor.2026 Y\u0131l\u0131 Cumhurba\u015fkan\u0131 Y\u0131ll\u0131k Program\u0131, T\u00fcrkiye ekonomisinde mali disiplinin korunmas\u0131 ve yap\u0131sal reformlar\u0131n s\u00fcrd\u00fcr\u00fclmesini \u00f6ng\u00f6r\u00fcyor. Programda s\u00fcrd\u00fcr\u00fclebilir b\u00fcy\u00fcme hedefleriyle birlikte tamamlay\u0131c\u0131 emeklilik sisteminin kurulmas\u0131 planlan\u0131yor.\u00a0<a href=\"https:\/\/www.cumhuriyet.com.tr\/ekonomi\/resmi-gazete-de-yayimlandi-yeni-emeklilik-sistemi-yolda-2448475\" target=\"_blank\" class=\"feedzy-rss-link-icon\">Read More<\/a><\/p>","protected":false},"excerpt":{"rendered":"<p>2026 Y\u0131l\u0131 Cumhurba\u015fkan\u0131 Y\u0131ll\u0131k Program\u0131, T\u00fcrkiye ekonomisinde mali disiplinin korunmas\u0131 ve yap\u0131sal reformlar\u0131n s\u00fcrd\u00fcr\u00fclmesini \u00f6ng\u00f6r\u00fcyor. Programda s\u00fcrd\u00fcr\u00fclebilir b\u00fcy\u00fcme hedefleriyle birlikte tamamlay\u0131c\u0131 emeklilik sisteminin kurulmas\u0131 planlan\u0131yor.2026 Y\u0131l\u0131 Cumhurba\u015fkan\u0131 Y\u0131ll\u0131k Program\u0131, T\u00fcrkiye ekonomisinde mali disiplinin korunmas\u0131 ve yap\u0131sal reformlar\u0131n s\u00fcrd\u00fcr\u00fclmesini \u00f6ng\u00f6r\u00fcyor. Programda s\u00fcrd\u00fcr\u00fclebilir b\u00fcy\u00fcme hedefleriyle birlikte tamamlay\u0131c\u0131 emeklilik sisteminin kurulmas\u0131 planlan\u0131yor.\u00a0Read More<\/p>\n","protected":false},"author":1,"featured_media":9768,"comment_status":"open","ping_status":"open","sticky":false,"template":"","format":"standard","meta":{"footnotes":"","_links_to":"","_links_to_target":""},"categories":[1],"tags":[],"class_list":["post-9767","post","type-post","status-publish","format-standard","has-post-thumbnail","hentry","category-haberler"],"_links":{"self":[{"href":"https:\/\/www.abchukuk.com\/index.php\/wp-json\/wp\/v2\/posts\/9767","targetHints":{"allow":["GET"]}}],"collection":[{"href":"https:\/\/www.abchukuk.com\/index.php\/wp-json\/wp\/v2\/posts"}],"about":[{"href":"https:\/\/www.abchukuk.com\/index.php\/wp-json\/wp\/v2\/types\/post"}],"author":[{"embeddable":true,"href":"https:\/\/www.abchukuk.com\/index.php\/wp-json\/wp\/v2\/users\/1"}],"replies":[{"embeddable":true,"href":"https:\/\/www.abchukuk.com\/index.php\/wp-json\/wp\/v2\/comments?post=9767"}],"version-history":[{"count":0,"href":"https:\/\/www.abchukuk.com\/index.php\/wp-json\/wp\/v2\/posts\/9767\/revisions"}],"wp:featuredmedia":[{"embeddable":true,"href":"https:\/\/www.abchukuk.com\/index.php\/wp-json\/wp\/v2\/media\/9768"}],"wp:attachment":[{"href":"https:\/\/www.abchukuk.com\/index.php\/wp-json\/wp\/v2\/media?parent=9767"}],"wp:term":[{"taxonomy":"category","embeddable":true,"href":"https:\/\/www.abchukuk.com\/index.php\/wp-json\/wp\/v2\/categories?post=9767"},{"taxonomy":"post_tag","embeddable":true,"href":"https:\/\/www.abchukuk.com\/index.php\/wp-json\/wp\/v2\/tags?post=9767"}],"curies":[{"name":"wp","href":"https:\/\/api.w.org\/{rel}","templated":true}]}}