{"id":9763,"date":"2025-10-31T06:46:26","date_gmt":"2025-10-31T06:46:26","guid":{"rendered":"https:\/\/www.abchukuk.com\/index.php\/2025\/10\/31\/yalova-cumhuriyet-bassavcisi-duygu-bayar-oksuz-cok-yakindan-takip-etti-gullunun-olumundeki-kan-donduran-ifade\/"},"modified":"2025-10-31T06:46:26","modified_gmt":"2025-10-31T06:46:26","slug":"yalova-cumhuriyet-bassavcisi-duygu-bayar-oksuz-cok-yakindan-takip-etti-gullunun-olumundeki-kan-donduran-ifade","status":"publish","type":"post","link":"https:\/\/www.abchukuk.com\/index.php\/2025\/10\/31\/yalova-cumhuriyet-bassavcisi-duygu-bayar-oksuz-cok-yakindan-takip-etti-gullunun-olumundeki-kan-donduran-ifade\/","title":{"rendered":"Yalova Cumhuriyet Ba\u015fsavc\u0131s\u0131 Duygu Bayar \u00d6ks\u00fcz \u00e7ok yak\u0131ndan takip etti! G\u00fcll\u00fc\u2019n\u00fcn \u00f6l\u00fcm\u00fcndeki kan donduran ifade\u2026"},"content":{"rendered":"<p>26 Eyl\u00fcl\u2019de Yalova da ki 6\u2019nc\u0131 kattaki evinin penceresinden d\u00fc\u015fen G\u00fcll\u00fc\u2019n\u00fcn \u00f6l\u00fcm\u00fcyle ilgili \u0130stanbul\u2019da sahneye \u00e7\u0131kt\u0131\u011f\u0131 e\u011flence mekan\u0131n\u0131n sahibi Ferdi Ayd\u0131n, Yalova Adliyesi\u2019ne gelerek su\u00e7 duyurusunda bulunmu\u015f, G\u00fcll\u00fc\u2019y\u00fc k\u0131z\u0131 Tu\u011fyan \u00dclkem G\u00fclter\u2019in \u00f6ld\u00fcrd\u00fc\u011f\u00fc iddias\u0131yla ifade veren Ayd\u0131n, elindeki WhatsApp yaz\u0131\u015fmalar\u0131n\u0131 ise kan\u0131t olarak g\u00f6stermi\u015fti.<\/p>\n<p><img fetchpriority=\"high\" decoding=\"async\" class=\"alignnone size-full wp-image-164371\" src=\"https:\/\/www.son.tv\/wp-content\/uploads\/2025\/10\/0x0-kan-donduran-ifadeye-gunaydin-ulasti-gullunun-kizindan-soke-eden-sozler-ben-yaptim-abla-pismanim-1761881028500.webp\" alt=\"\" width=\"752\" height=\"564\" \/><\/p>\n<p>YALOVA CUMHUR\u0130YET BA\u015eSAVCILI\u011eI SORU\u015eTURMAYI T\u0130T\u0130ZL\u0130KLE Y\u00dcR\u00dcT\u00dcYOR<\/p>\n<p>G\u00fcll\u00fc\u2019n\u00fcn \u00f6l\u00fcm\u00fcyle ilgili Yalova Cumhuriyet Ba\u015fsavc\u0131l\u0131\u011f\u0131 taraf\u0131ndan titizlikle s\u00fcrd\u00fcr\u00fclen soru\u015fturmay\u0131 Ba\u015fsavc\u0131s\u0131 Duygu Bayar \u00d6ks\u00fcz\u2019\u00fcn yak\u0131ndan takip etti. Soru\u015fturmada kan donduran yeni detaylar ortaya \u00e7\u0131kt\u0131.<\/p>\n<p><img decoding=\"async\" class=\"alignnone size-full wp-image-164372\" src=\"https:\/\/www.son.tv\/wp-content\/uploads\/2025\/10\/ba31f72d-3c3e-4f6d-bdd4-75773ca494c5.jpg\" alt=\"\" width=\"439\" height=\"899\" \/><\/p>\n<p>G\u00dcLL\u00dc\u2019N\u00dcN KIZININ \u0130FADES\u0130 ALINDI<\/p>\n<p>Ferdi Ayd\u0131n\u2019\u0131n \u015fok iddias\u0131n\u0131n ard\u0131ndan Yalova Cumhuriyet Ba\u015fsavc\u0131l\u0131\u011f\u0131 harekete ge\u00e7ti. G\u00fcll\u00fc\u2019n\u00fcn k\u0131z\u0131 Tu\u011fyan \u00dclkem G\u00fclter\u2019in yeniden ifadesi al\u0131nd\u0131.\u00dcnl\u00fc sanat\u00e7\u0131n\u0131n k\u0131z\u0131 G\u00fclter\u2019e soru\u015fturma dosyas\u0131nda yer alan whatsap mesajlar\u0131 soruldu. G\u00fclter, \u201cG\u00f6sterilen mesajlar bana ait, kabul ediyorum ama ben bu mesajlar\u0131 ara ara annemle kavga etti\u011fim zamanlarda yaz\u0131yordum\u201d dedi.<\/p>\n<p><img decoding=\"async\" class=\"alignnone size-full wp-image-164373\" src=\"https:\/\/www.son.tv\/wp-content\/uploads\/2025\/10\/0x0-kan-donduran-ifadeye-gunaydin-ulasti-gullunun-kizindan-soke-eden-sozler-ben-yaptim-abla-pismanim-1761881032720.webp\" alt=\"\" width=\"752\" height=\"451\" \/><\/p>\n<p>TUGYAN G\u00dcLL\u00dc\u2019Y\u00dc MUTFAK \u00d6NL\u00dc \u0130LE BAGLAMI\u015e<\/p>\n<p>G\u00fcll\u00fc\u2019n\u00fcn \u00f6l\u00fcm\u00fcyle ilgili Yalova Cumhuriyet Ba\u015fsavc\u0131l\u0131\u011f\u0131na ifade veren Tan\u0131k Bircan D\u00fclger, \u00e7ok \u00e7arp\u0131c\u0131 ifadelerde bulundu. \u201cTu\u011fyan\u2019\u0131 yakla\u015f\u0131k 15 ya\u015f\u0131ndan beri tan\u0131d\u0131\u011f\u0131n\u0131 ifade eden D\u00fclger, \u201cBen temizlik i\u015fleriyle ilgilerinim ancak G\u00fcl han\u0131m\u0131n evine temizli\u011fe hi\u00e7 gitmedim, G\u00fcl han\u0131mla da \u00e7ok muhatap olmu\u015flu\u011fum yok ancak Tu\u011fyan\u2019la \u00e7ok yak\u0131n arkada\u015ft\u0131k, Tu\u011fyan\u2019la annesinin aras\u0131 hep \u00e7ok k\u00f6t\u00fc olmu\u015ftur, hatta seneler \u00f6ncesinde Tu\u011fyan G\u00fcl ablay\u0131 mutfak \u00f6nl\u00fc\u011f\u00fcyle ba\u011flam\u0131\u015f beni arad\u0131, ben bu kad\u0131n\u0131 \u00f6ld\u00fcrece\u011fim dedi, \u0130stanbul\u2019dan day\u0131s\u0131 gelerek olaya m\u00fcdahale etti.\u201d dedi.<\/p>\n<p><img loading=\"lazy\" decoding=\"async\" loading=\"lazy\" class=\"alignnone size-full wp-image-164374\" src=\"https:\/\/www.son.tv\/wp-content\/uploads\/2025\/10\/0x0-kan-donduran-ifadeye-gunaydin-ulasti-gullunun-kizindan-soke-eden-sozler-ben-yaptim-abla-pismanim-1761881032738.webp\" alt=\"\" width=\"494\" height=\"455\" \/><\/p>\n<p>TU\u011eYAN ERKEK ARKADA\u015eI \u0130\u00c7\u0130N ANNES\u0130N\u0130 D\u00d6VM\u00dc\u015e<\/p>\n<p>Tu\u011fyan\u2019\u0131n yakla\u015f\u0131k 15 y\u0131l \u00f6nce Sinan isminde bir erkek arkada\u015f\u0131n\u0131n oldu\u011funu s\u00f6yleyen D\u00fclger, \u201cErkek arkada\u015f\u0131 madde ticareti yapard\u0131, bu nedenle de \u015fu a\u015famada tutukludur, bu Sinan isimli \u015fah\u0131stan \u00f6t\u00fcr\u00fc de ikisinin aras\u0131n\u0131n a\u00e7\u0131ld\u0131\u011f\u0131 olmu\u015ftu, bu Sinan isimli \u015fah\u0131s i\u00e7in Tu\u011fyan\u2019\u0131n annesini d\u00f6vm\u00fc\u015fl\u00fc\u011f\u00fc vard\u0131. Benim G\u00fcl ablan\u0131n eviyle evim kar\u015f\u0131l\u0131kl\u0131d\u0131r, Tu\u011fyan annesiyle her kavga edi\u015finde bana gelirdi, Tu\u011fyan seneler \u00f6ncesinde de madde kullan\u0131rd\u0131, son zamanlarda da madde kulland\u0131\u011f\u0131n\u0131 biliyorum, kendim madde kulland\u0131\u011f\u0131n\u0131 g\u00f6rmedim ancak halinden ve tavr\u0131ndan madde kulland\u0131\u011f\u0131 belli oluyordu, konu\u015fmalar\u0131m\u0131zda bana Lyrica isimli ilac\u0131 kulland\u0131\u011f\u0131n\u0131 el alt\u0131ndan ald\u0131\u011f\u0131n\u0131 s\u00f6yl\u00fcyordu, Tu\u011fyan\u2019\u0131n arkada\u015f\u0131 olan Sultan\u2019\u0131n da madde kulland\u0131\u011f\u0131n\u0131 biliyorum, hatta madde kullan\u0131yorum ama bu hi\u00e7bir yerde ge\u00e7mesin \u015feklinde benim yan\u0131mda s\u00f6ylemi olmu\u015ftu\u201d dedi.<\/p>\n<p><img loading=\"lazy\" decoding=\"async\" loading=\"lazy\" class=\"alignnone size-full wp-image-164375\" src=\"https:\/\/www.son.tv\/wp-content\/uploads\/2025\/10\/0x0-kan-donduran-ifadeye-gunaydin-ulasti-gullunun-kizindan-soke-eden-sozler-ben-yaptim-abla-pismanim-1761881035181.webp\" alt=\"\" width=\"620\" height=\"700\" \/><\/p>\n<p>G\u00dcLL\u00dc\u2019N\u00dcN KIZI, EVL\u0130 VE \u00c7OCUKLU ADAMLA SEVG\u0130L\u0130<\/p>\n<p>Tu\u011fyan\u2019\u0131n \u015fimdiki sevgilisinin ise Kervan isimli \u015fah\u0131s oldu\u011funu s\u00f6yleyen D\u00fclder, \u201cKervan evli ve \u00e7ocukludur, G\u00fcl abla Tu\u011fyan\u2019\u0131n ikinci kad\u0131n olmas\u0131n\u0131 istemedi\u011fi i\u00e7in bu ili\u015fkiye kar\u015f\u0131 \u00e7\u0131km\u0131\u015ft\u0131, Tu\u011fyan\u2019la bu nedenle hep kavga ederlerdi, medyaya \u00e7\u0131kan mesajlar\u0131 Tu\u011fyan bana g\u00f6nderdi, hat\u0131rlad\u0131\u011f\u0131m kadar\u0131yla Haziran ay\u0131yd\u0131, Tu\u011fyan yine annesiyle Kervan y\u00fcz\u00fcnden kavga etmi\u015fti, bana mesajlarda \u2018\u00d6ls\u00fcn, Gebersin, bu kad\u0131na art\u0131k bir \u015fey olsun, yoruldum abla, \u00f6lm\u00fcyor\u2019 \u015feklinde i\u00e7erikler vard\u0131, ancak yakla\u015f\u0131k 4 g\u00fcn \u00f6nce Tu\u011fyan benden bu mesajlar\u0131 sildi, Ferdi\u2019nin bu mesajlardan bilgisi oldu\u011funu bas\u0131n arac\u0131l\u0131\u011f\u0131yla \u00f6\u011frenmi\u015f, 4 g\u00fcn \u00f6nce beni arad\u0131, \u2018kanl\u0131 ti\u015f\u00f6rt\u00fcm sende mi\u2019 diye sordu, ti\u015f\u00f6rt\u00fc almak i\u00e7in bulu\u015ftuk, bu ti\u015f\u00f6rt G\u00fcl ablan\u0131n \u00f6ld\u00fc\u011f\u00fc g\u00fcn Tu\u011fyan\u2019\u0131n \u00fczerinde olan ti\u015f\u00f6rtt\u00fcr, ben o g\u00fcn Tu\u011fyan\u2019\u0131n yan\u0131na gitmi\u015ftim, Tu\u011fyan ti\u015f\u00f6rt\u00fc sevgilisi Kervan\u2019\u0131n evinde \u00e7\u0131kartm\u0131\u015f, bende tu\u011fyan daha fazla k\u00f6t\u00fc olmas\u0131n diye ti\u015f\u00f6rt\u00fc \u00e7antama koydum, Tu\u011fyan\u2019a da kendisini haz\u0131r hissetti\u011finde ti\u015f\u00f6rt\u00fc alabilece\u011fini s\u00f6yledim, \u00e7\u00fcnk\u00fc ti\u015f\u00f6rtt\u00fc annesinin kan\u0131 vard\u0131, Tu\u011fyan i\u00e7in bir an\u0131yd\u0131, o g\u00fcn Tu\u011fyan ti\u015f\u00f6rt\u00fc ald\u0131ktan sonra bende kalmak istedi, yan\u0131nda Sultan isimli arkada\u015f\u0131 da vard\u0131, evdeyken bana hatt\u0131n\u0131n kapal\u0131 oldu\u011funu telefonumu kullanmak istedi\u011fini s\u00f6yledi, telefonumu ald\u0131 ve neden benimle mesajlar\u0131n duruyor diyerek mesajlar\u0131 sildi, telefonunun kapal\u0131 olmad\u0131\u011f\u0131n\u0131 ben sonra fark ettim, mesajlar\u0131 sildikten sonra kendi telefonuyla konu\u015fmaya devam etti, ben \u00f6yle anlad\u0131m\u201d dedi.<\/p>\n<p><img loading=\"lazy\" decoding=\"async\" loading=\"lazy\" class=\"alignnone size-full wp-image-164376\" src=\"https:\/\/www.son.tv\/wp-content\/uploads\/2025\/10\/0x0-kan-donduran-ifadeye-gunaydin-ulasti-gullunun-kizindan-soke-eden-sozler-ben-yaptim-abla-pismanim-1761881033444.webp\" alt=\"\" width=\"752\" height=\"564\" \/><\/p>\n<p>TUGYAN\u2019DAN BOMBA \u0130T\u0130RAF: BEN YAPTIM AMA \u00c7OK P\u0130\u015eMANIM ABLA<\/p>\n<p>Telefonun kapal\u0131 olmamas\u0131na ra\u011fmen kapal\u0131ym\u0131\u015f gibi davranmas\u0131 nedeniyle tart\u0131\u015ft\u0131klar\u0131n\u0131 ifade eden D\u00fclder, \u201cBen olay\u0131 bildi\u011fim i\u00e7in \u00e7ok fazla \u00fcsteleyemedim, korktum. G\u00fcl ablan\u0131n cenazesinden sonra Tu\u011fyan\u2019lar\u0131n evine ge\u00e7ti\u011fimizde ben Tu\u011fyan\u2019a \u20183 ay \u00f6nce annen i\u00e7in s\u00f6ylediklerine pi\u015fman m\u0131s\u0131n\u2019 diye sordum, burada kast etti\u011fim bana att\u0131\u011f\u0131 medyaya da yans\u0131yan mesajlard\u0131, Tu\u011fyan da bana \u2018Abla iyi ki o zaman beni durdurmu\u015ftun, ke\u015fke bu defa da engel olabilseydin, ben yapt\u0131m ama \u00e7ok pi\u015fman\u0131m abla\u2019 dedi, bunun \u00fczerine ben hi\u00e7bir \u015fey s\u00f6yleyemedim\u201d dedi.<\/p>\n<p><img loading=\"lazy\" decoding=\"async\" loading=\"lazy\" class=\"alignnone size-full wp-image-164377\" src=\"https:\/\/www.son.tv\/wp-content\/uploads\/2025\/10\/0x0-kan-donduran-ifadeye-gunaydin-ulasti-gullunun-kizindan-soke-eden-sozler-ben-yaptim-abla-pismanim-1761881034850.webp\" alt=\"\" width=\"547\" height=\"700\" \/><\/p>\n<p>\u201cANNEM\u0130N ARABASININ FRENLER\u0130N\u0130 KESECE\u011e\u0130M, U\u00c7URUMDAN MI ATSAM NE YAPSAM\u201d<\/p>\n<p>Tu\u011fyan\u2019dan korktu\u011fu i\u00e7in bug\u00fcne kadar hi\u00e7bir \u015fey s\u00f6yleyemedi\u011fini ifade eden D\u00fclder, \u201cvicdan\u0131m rahats\u0131z etti\u011fi i\u00e7in Ferdi Bey\u2019e ula\u015ft\u0131m ve ona anlatt\u0131m, bu s\u00fcre\u00e7te Tu\u011fyan\u2019la bu konu hakk\u0131nda hi\u00e7 konu\u015fmad\u0131k ancak ben Tu\u011fyan\u2019a \u2018Sen bi kendini topla konu\u015faca\u011f\u0131z\u2019 demi\u015ftim. Tu\u011fyan bana \u2018Annemin arabas\u0131n\u0131n frenlerini kesece\u011fim, u\u00e7urumdan m\u0131 atsam ne yapsam\u2019 diye soruyordu, ben Tu\u011fyan\u2019\u0131 sakinle\u015ftirmeye \u00e7al\u0131\u015ft\u0131m, hatta manevi abim olan \u00c7a\u011fr\u0131\u2019y\u0131 arad\u0131m, ben yeti\u015femeyece\u011fim i\u00e7in \u00c7a\u011fr\u0131\u2019n\u0131n Tu\u011fyan\u2019\u0131 sakinle\u015ftirmesini istedim, bu olay \u00fczerine \u00c7a\u011fr\u0131 Tu\u011fyan\u2019\u0131n yan\u0131na gitti ve Tu\u011fyan\u2019\u0131 sakinle\u015ftirdi. Bu mesajlarda ben Tu\u011fyan\u2019a olumlu cevaplar veriyordum, bunun nedeni Tu\u011fyan\u2019\u0131 sakinle\u015ftirmek ve oyalamakt\u0131\u201d dedi.<\/p>\n<p><img loading=\"lazy\" decoding=\"async\" loading=\"lazy\" class=\"alignnone size-full wp-image-164378\" src=\"https:\/\/www.son.tv\/wp-content\/uploads\/2025\/10\/0x0-kan-donduran-ifadeye-gunaydin-ulasti-gullunun-kizindan-soke-eden-sozler-ben-yaptim-abla-pismanim-1761881031262.webp\" alt=\"\" width=\"438\" height=\"700\" \/><\/p>\n<p>KE\u015e\u0130F HEYET\u0130 GELMEDEN EV\u0130 TOPLAYALIM D\u0130YE YARDIM \u0130STED\u0130<\/p>\n<p>Ke\u015fif heyetinin eve gelece\u011fi zaman Tu\u011fyan\u2019\u0131n evi toplamak i\u00e7in kendisinden yard\u0131m istedi\u011fini belirten D\u00fclder, \u201cBen eve gitti\u011fimde Tu\u011fyan\u2019\u0131n k\u0131z\u0131 olan Azra\u2019n\u0131n odas\u0131nda bulunan i\u00e7ki \u015fi\u015felerini Tu\u011fyan\u2019\u0131n avukat\u0131 olan Rahmi Bey\u2019in direktifleriyle salondaki konsolu \u00fczerine dizdik, Tu\u011fberk ve ni\u015fanl\u0131s\u0131 da vard\u0131, ben G\u00fcl han\u0131m\u0131 alkolik olarak g\u00f6stermek istedikleri i\u00e7in \u015fi\u015feleri \u00f6yle dizdirdiklerini d\u00fc\u015f\u00fcn\u00fcyorum, Tu\u011fberk t\u00fcm \u015fi\u015feleri dizelim demi\u015fti. Rahmi Bey olay tarihinde i\u00e7ki \u015fi\u015felerinin nerede oldu\u011funu sordu, konsolun \u00fczerinde demeleri \u00fczerine Rahmi Bey olay tarihindeki gibi yerle\u015ftirmemizi istedi\u201d dedi.<\/p>\n<p><img loading=\"lazy\" decoding=\"async\" loading=\"lazy\" class=\"alignnone size-full wp-image-164379\" src=\"https:\/\/www.son.tv\/wp-content\/uploads\/2025\/10\/0x0-kan-donduran-ifadeye-gunaydin-ulasti-gullunun-kizindan-soke-eden-sozler-ben-yaptim-abla-pismanim-1761881034358.webp\" alt=\"\" width=\"552\" height=\"700\" \/><\/p>\n<p>\u201cFAL\u00c7ATAYLA KEND\u0130S\u0130NE ZARAR VERM\u0130\u015eL\u0130\u011e\u0130 VARDIR\u201d<\/p>\n<p>Tu\u011fyan sinirlenince \u00e7ok farkl\u0131 oldu\u011funu dile getiren Tan\u0131k D\u00fclder, \u201cfal\u00e7atayla b\u0131\u00e7akla kendine koluna zarar vermi\u015fli\u011fi vard\u0131r, ac\u0131 duygusu yoktur, annesini d\u00f6vd\u00fc\u011f\u00fcne ili\u015fkin zaman zaman bana anlatt\u0131\u011f\u0131 olaylar oluyordu, Tu\u011fyan Kervan\u2019la sevgili olmas\u0131ndan sonra annesinden tamamen kurtulmak istiyordu \u00e7\u00fcnk\u00fc Kervan\u2019la Tu\u011fyan aras\u0131ndaki tek engel G\u00fcl ablayd\u0131, Cenaze g\u00fcn\u00fc Tu\u011fyan ve arkada\u015f\u0131 Sultan olay an\u0131n\u0131 anlat\u0131rken birbiriyle \u00e7eli\u015fiyorlard\u0131, Sultan aynada aln\u0131na bakt\u0131\u011f\u0131n\u0131 s\u00f6ylerken Tu\u011fyan ikimiz oynuyorduk diyordu, hatta bende Savc\u0131ya ifade verirken herkes bildi\u011fini anlats\u0131n birbirinizin ba\u015f\u0131n\u0131 yakmay\u0131n olay neyse onu anlat\u0131n dedim\u201d ifadelerini kulland\u0131.<\/p>\n<p><img loading=\"lazy\" decoding=\"async\" loading=\"lazy\" class=\"alignnone size-full wp-image-164380\" src=\"https:\/\/www.son.tv\/wp-content\/uploads\/2025\/10\/0x0-kan-donduran-ifadeye-gunaydin-ulasti-gullunun-kizindan-soke-eden-sozler-ben-yaptim-abla-pismanim-1761881032544.webp\" alt=\"\" width=\"752\" height=\"564\" \/><\/p>\n<p>G\u00dcLL\u00dc\u2019Y\u00dc TU\u011eYANIN \u0130TT\u0130\u011e\u0130N\u0130 D\u00dc\u015e\u00dcN\u00dcYORUM<\/p>\n<p>Mesajlar\u0131 Tu\u011fyan\u2019\u0131n sildi\u011fi i\u00e7in sunamad\u0131\u011f\u0131n\u0131 ifade eden D\u00fclder, \u201cMesajlar Ferdi Bey\u2019de de mevcut, ben Ferdi beyle konu\u015furken ekran\u0131m\u0131 payla\u015ft\u0131m, mesajlar\u0131 o \u015fekilde alm\u0131\u015f, bana inanmazsa diye ben ekran\u0131m\u0131 payla\u015f\u0131p mesajlar\u0131 okuttum, Ferdi Bey\u2019e ula\u015fan bendim, Ferdi Bey\u2019in konu\u015fmam i\u00e7in bana para teklifi vesaire teklifleri olmad\u0131, ben tamamen kendi irademle ifade vermeye geldim, G\u00fcll\u00fc ablan\u0131n d\u00fc\u015ft\u00fc\u011f\u00fc binan\u0131n kar\u015f\u0131s\u0131nda bulunan binada kan lekeleri vard\u0131, bu lekeler nas\u0131l temizlendi bilmiyorum, ben bu olay\u0131n kaza oldu\u011funu d\u00fc\u015f\u00fcnm\u00fcyorum, G\u00fcll\u00fc ablay\u0131 Tu\u011fyan\u2019\u0131n itti\u011fini d\u00fc\u015f\u00fcn\u00fcyorum, Sultan\u2019\u0131n da Tu\u011fyan\u2019dan korktu\u011fu i\u00e7in sustu\u011funu d\u00fc\u015f\u00fcn\u00fcyorum\u201d dedi.<\/p>\n<p><img loading=\"lazy\" decoding=\"async\" loading=\"lazy\" class=\"alignnone size-full wp-image-164381\" src=\"https:\/\/www.son.tv\/wp-content\/uploads\/2025\/10\/0x0-kan-donduran-ifadeye-gunaydin-ulasti-gullunun-kizindan-soke-eden-sozler-ben-yaptim-abla-pismanim-1761881038441.webp\" alt=\"\" width=\"297\" height=\"426\" \/><\/p>\n<p>\u2018BEN\u0130 K\u0130M YAKARSA BENDE ONU YAKARIM\u2019<\/p>\n<p>4 g\u00fcn \u00f6nce Tu\u011fyan\u2019la bulu\u015ftu\u011funda kendisine Ferdi\u2019yle neden bulu\u015ftun diye agresif \u015fekilde soru sorudu\u011funu belirten D\u00fclder, \u201cBen korktu\u011fum i\u00e7in Ferdi bana ula\u015ft\u0131, ben o\u011flum Emre\u2019yle tehdit etti demek zorunda kald\u0131m, Tu\u011fyan \u2018Bana benim yan\u0131mda m\u0131s\u0131n\u2019 dedi, evet seninleyim dedim, ertesi g\u00fcn Tu\u011fyan\u2019la ayr\u0131ld\u0131ktan 1-2 saat sonra Tu\u011fyan beni tekrar arad\u0131 \u2018Beni savc\u0131l\u0131ktan ar\u0131yorlar televizyona mesajlar d\u00fc\u015fm\u00fc\u015f, sen napt\u0131n abla, beni g\u00f6zalt\u0131na alacaklar, beni satt\u0131n, buraya gel savc\u0131ya gidece\u011fiz\u2019 dedi, sonras\u0131nda ben Armutlu\u2019dan taksiyle Yalova\u2019ya geldim, ben Savc\u0131l\u0131\u011fa gelece\u011fiz sand\u0131m ancak onlar beni Yalova\u2019dan al\u0131p ara\u00e7lar\u0131yla \u0130stanbul\u2019a avukatlar\u0131n\u0131n ofisine g\u00f6t\u00fcrd\u00fcler, yolda da bana Tu\u011fyan \u2018Ben yanarsam seni de yakar\u0131m\u2019 dedi, Merve Han\u0131m\u0131n ofisine gittik, ofiste de bana agresif \u015fekilde sald\u0131rmaya \u00e7al\u0131\u015ft\u0131, \u2018Beni kim yakarsa bende onu yakar\u0131m\u2019 \u015feklinde s\u00f6ylemlerde bulundu, bunun \u00fczerine avukatlar onu sakinle\u015ftirmeye \u00e7al\u0131\u015ft\u0131, devam\u0131nda ben \u0130stanbul\u2019dan kendim geldim, Tu\u011fyan birlikte d\u00f6nmeyi teklif etti ancak ben kabul etmedim, ofiste \u2018Sen beni aklayacaks\u0131n bende seni aklayaca\u011f\u0131m\u2019 dedi, mesajlar if\u015fa oldu\u011fu i\u00e7in kar\u015f\u0131l\u0131kl\u0131 birbirimizi aklayaca\u011f\u0131z dedi, bende cevap olarak bu olayla hi\u00e7bir ilgim olmad\u0131\u011f\u0131n\u0131 s\u00f6yledim\u201d diyerek ifadesini tamamlad\u0131.<\/p>\n<p><img loading=\"lazy\" decoding=\"async\" loading=\"lazy\" class=\"alignnone size-full wp-image-164382\" src=\"https:\/\/www.son.tv\/wp-content\/uploads\/2025\/10\/0x0-kan-donduran-ifadeye-gunaydin-ulasti-gullunun-kizindan-soke-eden-sozler-ben-yaptim-abla-pismanim-1761881039965.webp\" alt=\"\" width=\"752\" height=\"502\" \/><\/p>\n<p>\u201cBEN \u00d6L\u00dcRSEM KIZIM YAPMI\u015eTIR\u201d<\/p>\n<p>G\u00fcll\u00fc\u2019n\u00fcn cinayete kurban gitti\u011fini ifade eden G\u00fcll\u00fcn\u00fcn patronu Ferdi Ayd\u0131n ise savc\u0131l\u0131\u011fa verdi\u011fi ifadede, \u201cG\u00fcll\u00fc abla yakla\u015f\u0131k 1 ay \u00f6nce k\u0131z\u0131n\u0131n bana yasakl\u0131 madde kulland\u0131\u011f\u0131n\u0131 s\u00f6ylemi\u015fti, k\u0131z\u0131n\u0131n torununa \u015fiddet uygulad\u0131\u011f\u0131n\u0131, k\u0131z\u0131n\u0131n sevgilisi olan \u00e7ocu\u011fun evli ve 3 \u00e7ocuk sahibi oldu\u011funu, silah ka\u00e7ak\u00e7\u0131l\u0131\u011f\u0131 yapt\u0131\u011f\u0131n\u0131 s\u00f6yledi, k\u0131z\u0131n\u0131n onu \u00f6ld\u00fcrmesinden \u00e7ok korkuyordu, bana \u2018sen benim o\u011flumsun e\u011fer ben \u00f6l\u00fcrsem k\u0131z\u0131m yapm\u0131\u015ft\u0131r\u2019 demi\u015fti,\u201d ifadelerini kulland\u0131.<\/p>\n<p><img loading=\"lazy\" decoding=\"async\" loading=\"lazy\" class=\"alignnone size-full wp-image-164383\" src=\"https:\/\/www.son.tv\/wp-content\/uploads\/2025\/10\/0x0-gullunun-kizi-tugyan-ulkem-gulter-gunaydina-konustu-bakkala-veresiye-yazdiriyorduk-1761707807470.webp\" alt=\"\" width=\"752\" height=\"426\" \/><\/p>\n<p>\u201cTUGYAN YASAKLI MADDE SATIYOR\u201d<\/p>\n<p>Tu\u011fyan\u2019\u0131n yasakl\u0131 madde satt\u0131\u011f\u0131n\u0131 s\u00f6yleyen Ayd\u0131n, \u201c\u00c7\u0131narc\u0131k\u2019ta bunu herkes bilir, ayn\u0131 zamanda yasakl\u0131 madde de kullan\u0131r, Bircan Han\u0131m\u0131n evine gelip fitil fitil bu yasakl\u0131 maddeleri kullan\u0131yormu\u015f, ba\u015fta da belirtti\u011fim gibi annesi de s\u00f6ylemi\u015fti, bu olaylardan sonra Bircan Han\u0131m da bana s\u00f6yledi. Yakla\u015f\u0131k 1 senedir ben G\u00fcll\u00fc ablayla \u00e7al\u0131\u015f\u0131r\u0131m, bu s\u00fcre\u00e7 boyunca G\u00fcll\u00fc ablan\u0131n o\u011flu bir kez bile \u00e7al\u0131\u015ft\u0131\u011f\u0131 yere gelmedi, k\u0131z\u0131 Tu\u011fyan ise 2 kez geldi, ikisinde de \u015fiddetli \u015fekilde kavga ettiler\u201d dedi<\/p>\n<p><img loading=\"lazy\" decoding=\"async\" loading=\"lazy\" class=\"alignnone size-full wp-image-164384\" src=\"https:\/\/www.son.tv\/wp-content\/uploads\/2025\/10\/0x0-gullunun-kizi-tugyan-ulkem-gulter-gunaydina-konustu-bakkala-veresiye-yazdiriyorduk-1761707802621.webp\" alt=\"\" width=\"304\" height=\"480\" \/><\/p>\n<p>O\u011eLU OLAYDAN SONRA KASAYI BO\u015eALTMI\u015e<\/p>\n<p>Savc\u0131l\u0131\u011f\u0131n ke\u015ffe gitti\u011finde i\u00e7kileri bilerek Tu\u011fyan\u2019\u0131n eve ta\u015f\u0131d\u0131\u011f\u0131n\u0131 s\u00f6yleyen Ayd\u0131n, \u201cO\u011flu olaydan 5 saat sonra yan kom\u015funun cam\u0131n\u0131 k\u0131rarak eve girmi\u015f ve kasadaki alt\u0131nlar\u0131 toplay\u0131p evi toparlam\u0131\u015f, kasada 2 milyonluk alt\u0131n varm\u0131\u015f, bunlar\u0131 bana Bircan s\u00f6yledi, Tu\u011fyan ile Bircan kankalar, Bircan Tu\u011fyan\u2019\u0131n her \u015feyini bilir, Tu\u011fyan\u2019\u0131n Bircan\u2019dan annesini \u00f6ld\u00fcrmesi i\u00e7in kiral\u0131k katil istemi\u015fli\u011fi dahi varm\u0131\u015f ancak Tu\u011fyan Bircan\u2019\u0131n evine gidip bu mesajlar\u0131 25 Ekim 2025 tarihinde ak\u015fam saatlerinde sildirmi\u015f, elimde bulunan mesajlar\u0131 da dosyaya sunaca\u011f\u0131m, ben bu olay\u0131n kesinlikle cinayet oldu\u011funu d\u00fc\u015f\u00fcn\u00fcyorum, ba\u015fta da belirtti\u011fim gibi Bircan bu hususta her \u015feyi biliyor, kendisinin Tu\u011fyan\u2019la uyu\u015fturucu satm\u0131\u015fl\u0131\u011f\u0131 bile var, Samsun\u2019lu aile dostlar\u0131 Sultan Han\u0131m, o da Tu\u011fyan\u2019\u0131n annesini \u00f6ld\u00fcrmek istedi\u011fini duymu\u015f\u201d ifadelerini kulland\u0131.<\/p>\n<p>\u00a0<\/p>\n<p>Arabesk m\u00fczi\u011fin efsane ismi G\u00fcll\u00fc\u2019n\u00fcn \u00f6l\u00fcm\u00fcyle ilgili G\u00fcll\u00fc\u2019n\u00fcn k\u0131z\u0131 Tu\u011fyan \u00dclkem G\u00fclter ortaya \u00e7\u0131kan whatsap yaz\u0131\u015fmalar\u0131n\u0131 kabul etmi\u015fti. Yalova Cumhuriyet Ba\u015fsavc\u0131s\u0131 Duygu Bayar \u00d6ks\u00fcz\u2019\u00fcn yak\u0131ndan takip etti\u011fi olayda, Arabesk m\u00fczi\u011fin g\u00fc\u00e7l\u00fc sesi G\u00fcll\u00fc\u2019n\u00fcn gizemli \u00f6l\u00fcm\u00fcyle ilgili soru\u015fturmada kan donduran detaylar ortaya \u00e7\u0131kt\u0131. Tan\u0131k olarak ifade veren Tu\u011fyan \u00dclkem G\u00fclter\u2019in yak\u0131n arkada\u015f\u0131 Bircan D\u00fclger, Tu\u011fyan\u2019\u0131n y\u0131llar \u00f6nce annesini mutfak \u00f6nl\u00fc\u011f\u00fcyle ba\u011flad\u0131\u011f\u0131n\u0131, annesinin arabas\u0131n\u0131n frenlerini kesmekle tehdit etti\u011fini ve b\u0131\u00e7akla kendine zarar verdi\u011fini anlatt\u0131. Tu\u011fyan\u2019\u0131n annesiyle sevgilisi Kervan y\u00fcz\u00fcnden s\u00fcrekli gerilimli oldu\u011fu, mesajlar\u0131n\u0131 sildi\u011fi ve olay\u0131n ard\u0131ndan kendisini \u201cBeni kim yakarsa bende onu yakar\u0131m\u201d s\u00f6zleriyle tehdit etti\u011fini, G\u00fcll\u00fc\u2019n\u00fcn d\u00fc\u015fmesinin bir kaza olmad\u0131\u011f\u0131n\u0131, Tu\u011fyan taraf\u0131ndan itildi\u011fini ifade etti.\u00a0 Sanat\u00e7\u0131n\u0131n patronu Ferdi Ayd\u0131n, G\u00fcll\u00fc\u2019n\u00fcn olaydan \u00f6nce k\u0131z\u0131ndan korktu\u011funu ve \u201cBen \u00f6l\u00fcrsem k\u0131z\u0131m yapm\u0131\u015ft\u0131r\u201d dedi\u011fini belirtti. Ayr\u0131ca, G\u00fcll\u00fc\u2019n\u00fcn o\u011flu Emre\u2019nin olay sonras\u0131 kasadaki alt\u0131nlar\u0131 alarak evi toplad\u0131\u011f\u0131n\u0131 iddia etti.\u00a0<a href=\"https:\/\/www.son.tv\/yalova-cumhuriyet-bassavcisi-duygu-bayar-oksuz-cok-yakindan-takip-etti-gullunun-olumundeki-kan-donduran-ifade\/\" target=\"_blank\" class=\"feedzy-rss-link-icon\">Read More<\/a><\/p>","protected":false},"excerpt":{"rendered":"<p>26 Eyl\u00fcl\u2019de Yalova da ki 6\u2019nc\u0131 kattaki evinin penceresinden d\u00fc\u015fen G\u00fcll\u00fc\u2019n\u00fcn \u00f6l\u00fcm\u00fcyle ilgili \u0130stanbul\u2019da sahneye \u00e7\u0131kt\u0131\u011f\u0131 e\u011flence mekan\u0131n\u0131n sahibi Ferdi Ayd\u0131n, Yalova Adliyesi\u2019ne gelerek su\u00e7 duyurusunda bulunmu\u015f, G\u00fcll\u00fc\u2019y\u00fc k\u0131z\u0131 Tu\u011fyan \u00dclkem G\u00fclter\u2019in \u00f6ld\u00fcrd\u00fc\u011f\u00fc iddias\u0131yla ifade veren Ayd\u0131n, elindeki WhatsApp yaz\u0131\u015fmalar\u0131n\u0131 ise kan\u0131t olarak g\u00f6stermi\u015fti. YALOVA CUMHUR\u0130YET BA\u015eSAVCILI\u011eI SORU\u015eTURMAYI T\u0130T\u0130ZL\u0130KLE Y\u00dcR\u00dcT\u00dcYOR G\u00fcll\u00fc\u2019n\u00fcn \u00f6l\u00fcm\u00fcyle ilgili Yalova Cumhuriyet [&hellip;]<\/p>\n","protected":false},"author":1,"featured_media":9764,"comment_status":"open","ping_status":"open","sticky":false,"template":"","format":"standard","meta":{"footnotes":"","_links_to":"","_links_to_target":""},"categories":[1],"tags":[],"class_list":["post-9763","post","type-post","status-publish","format-standard","has-post-thumbnail","hentry","category-haberler"],"_links":{"self":[{"href":"https:\/\/www.abchukuk.com\/index.php\/wp-json\/wp\/v2\/posts\/9763","targetHints":{"allow":["GET"]}}],"collection":[{"href":"https:\/\/www.abchukuk.com\/index.php\/wp-json\/wp\/v2\/posts"}],"about":[{"href":"https:\/\/www.abchukuk.com\/index.php\/wp-json\/wp\/v2\/types\/post"}],"author":[{"embeddable":true,"href":"https:\/\/www.abchukuk.com\/index.php\/wp-json\/wp\/v2\/users\/1"}],"replies":[{"embeddable":true,"href":"https:\/\/www.abchukuk.com\/index.php\/wp-json\/wp\/v2\/comments?post=9763"}],"version-history":[{"count":0,"href":"https:\/\/www.abchukuk.com\/index.php\/wp-json\/wp\/v2\/posts\/9763\/revisions"}],"wp:featuredmedia":[{"embeddable":true,"href":"https:\/\/www.abchukuk.com\/index.php\/wp-json\/wp\/v2\/media\/9764"}],"wp:attachment":[{"href":"https:\/\/www.abchukuk.com\/index.php\/wp-json\/wp\/v2\/media?parent=9763"}],"wp:term":[{"taxonomy":"category","embeddable":true,"href":"https:\/\/www.abchukuk.com\/index.php\/wp-json\/wp\/v2\/categories?post=9763"},{"taxonomy":"post_tag","embeddable":true,"href":"https:\/\/www.abchukuk.com\/index.php\/wp-json\/wp\/v2\/tags?post=9763"}],"curies":[{"name":"wp","href":"https:\/\/api.w.org\/{rel}","templated":true}]}}