{"id":9743,"date":"2025-10-30T11:21:39","date_gmt":"2025-10-30T11:21:39","guid":{"rendered":"https:\/\/www.abchukuk.com\/index.php\/2025\/10\/30\/trafik-kanunu-taslaginda-neler-var\/"},"modified":"2025-10-30T11:21:39","modified_gmt":"2025-10-30T11:21:39","slug":"trafik-kanunu-taslaginda-neler-var","status":"publish","type":"post","link":"https:\/\/www.abchukuk.com\/index.php\/2025\/10\/30\/trafik-kanunu-taslaginda-neler-var\/","title":{"rendered":"Trafik Kanunu tasla\u011f\u0131nda neler var?"},"content":{"rendered":"<p>Yeni Trafik Kanunu \u00fczerinde \u00e7al\u0131\u015fmalar s\u00fcr\u00fcyor. Yeni kanun hakk\u0131nda a\u00e7\u0131klamalarda bulunan \u0130\u00e7i\u015fleri Bakan\u0131 Ali Yerlikaya, yeni trafik kanunu tasla\u011f\u0131n\u0131n \u201ccezaland\u0131rma de\u011fil, trafik k\u00fclt\u00fcr\u00fcn\u00fc d\u00f6n\u00fc\u015ft\u00fcrme\u201d hedefiyle haz\u0131rland\u0131\u011f\u0131n\u0131 vurgulad\u0131. Peki, taslak maddelerde neler yer al\u0131yor? \u0130\u015fte, yeni kanunda \u00f6ng\u00f6r\u00fclen cezalar&#8230;Yeni Trafik Kanunu \u00fczerinde \u00e7al\u0131\u015fmalar s\u00fcr\u00fcyor. Yeni kanun hakk\u0131nda a\u00e7\u0131klamalarda bulunan \u0130\u00e7i\u015fleri Bakan\u0131 Ali Yerlikaya, yeni trafik kanunu tasla\u011f\u0131n\u0131n \u201ccezaland\u0131rma de\u011fil, trafik k\u00fclt\u00fcr\u00fcn\u00fc d\u00f6n\u00fc\u015ft\u00fcrme\u201d hedefiyle haz\u0131rland\u0131\u011f\u0131n\u0131 vurgulad\u0131. Peki, taslak maddelerde neler yer al\u0131yor? \u0130\u015fte, yeni kanunda \u00f6ng\u00f6r\u00fclen cezalar&#8230;\u00a0<a href=\"https:\/\/www.haberturk.com\/yeni-trafik-kanunu-maddeleri-taslak-trafik-kanunu-nda-hangi-cezalar-yer-aliyor-nasil-duzenlemeleri-iceriyor-3833936\" target=\"_blank\" class=\"feedzy-rss-link-icon\">Read More<\/a><\/p>","protected":false},"excerpt":{"rendered":"<p>Yeni Trafik Kanunu \u00fczerinde \u00e7al\u0131\u015fmalar s\u00fcr\u00fcyor. Yeni kanun hakk\u0131nda a\u00e7\u0131klamalarda bulunan \u0130\u00e7i\u015fleri Bakan\u0131 Ali Yerlikaya, yeni trafik kanunu tasla\u011f\u0131n\u0131n \u201ccezaland\u0131rma de\u011fil, trafik k\u00fclt\u00fcr\u00fcn\u00fc d\u00f6n\u00fc\u015ft\u00fcrme\u201d hedefiyle haz\u0131rland\u0131\u011f\u0131n\u0131 vurgulad\u0131. Peki, taslak maddelerde neler yer al\u0131yor? \u0130\u015fte, yeni kanunda \u00f6ng\u00f6r\u00fclen cezalar&#8230;Yeni Trafik Kanunu \u00fczerinde \u00e7al\u0131\u015fmalar s\u00fcr\u00fcyor. Yeni kanun hakk\u0131nda a\u00e7\u0131klamalarda bulunan \u0130\u00e7i\u015fleri Bakan\u0131 Ali Yerlikaya, yeni trafik kanunu [&hellip;]<\/p>\n","protected":false},"author":1,"featured_media":0,"comment_status":"open","ping_status":"open","sticky":false,"template":"","format":"standard","meta":{"footnotes":"","_links_to":"","_links_to_target":""},"categories":[1],"tags":[],"class_list":["post-9743","post","type-post","status-publish","format-standard","hentry","category-haberler"],"_links":{"self":[{"href":"https:\/\/www.abchukuk.com\/index.php\/wp-json\/wp\/v2\/posts\/9743","targetHints":{"allow":["GET"]}}],"collection":[{"href":"https:\/\/www.abchukuk.com\/index.php\/wp-json\/wp\/v2\/posts"}],"about":[{"href":"https:\/\/www.abchukuk.com\/index.php\/wp-json\/wp\/v2\/types\/post"}],"author":[{"embeddable":true,"href":"https:\/\/www.abchukuk.com\/index.php\/wp-json\/wp\/v2\/users\/1"}],"replies":[{"embeddable":true,"href":"https:\/\/www.abchukuk.com\/index.php\/wp-json\/wp\/v2\/comments?post=9743"}],"version-history":[{"count":0,"href":"https:\/\/www.abchukuk.com\/index.php\/wp-json\/wp\/v2\/posts\/9743\/revisions"}],"wp:attachment":[{"href":"https:\/\/www.abchukuk.com\/index.php\/wp-json\/wp\/v2\/media?parent=9743"}],"wp:term":[{"taxonomy":"category","embeddable":true,"href":"https:\/\/www.abchukuk.com\/index.php\/wp-json\/wp\/v2\/categories?post=9743"},{"taxonomy":"post_tag","embeddable":true,"href":"https:\/\/www.abchukuk.com\/index.php\/wp-json\/wp\/v2\/tags?post=9743"}],"curies":[{"name":"wp","href":"https:\/\/api.w.org\/{rel}","templated":true}]}}