{"id":9742,"date":"2025-10-30T12:08:50","date_gmt":"2025-10-30T12:08:50","guid":{"rendered":"https:\/\/www.abchukuk.com\/index.php\/2025\/10\/30\/1000-hakim-ve-savci-yardimcisi-alinacak-2\/"},"modified":"2025-10-30T12:08:50","modified_gmt":"2025-10-30T12:08:50","slug":"1000-hakim-ve-savci-yardimcisi-alinacak-2","status":"publish","type":"post","link":"https:\/\/www.abchukuk.com\/index.php\/2025\/10\/30\/1000-hakim-ve-savci-yardimcisi-alinacak-2\/","title":{"rendered":"1000 hakim ve savc\u0131 yard\u0131mc\u0131s\u0131 al\u0131nacak"},"content":{"rendered":"<p>Adalet Bakan\u0131 Y\u0131lmaz Tun\u00e7, 1000 hakim ve savc\u0131 yard\u0131mc\u0131s\u0131 al\u0131m\u0131yla ilgili s\u0131nav ilan\u0131n\u0131n yay\u0131mland\u0131\u011f\u0131n\u0131 duyurdu. Buna g\u00f6re, 850 adli yarg\u0131, 100 avukatl\u0131k mesle\u011finden adli yarg\u0131 ve 50 idari yarg\u0131 hakim yard\u0131mc\u0131s\u0131 al\u0131nacak. \u00d6SYM taraf\u0131ndan yap\u0131lacak s\u0131navlar 20-21 Aral\u0131k tarihlerinde ger\u00e7ekle\u015ftirilecek. \u0130\u015fte, 1000 hakim ve savc\u0131 yard\u0131mc\u0131s\u0131 al\u0131m\u0131 hakk\u0131nda t\u00fcm detaylar&#8230;Adalet Bakan\u0131 Y\u0131lmaz Tun\u00e7, 1000 hakim ve savc\u0131 yard\u0131mc\u0131s\u0131 al\u0131m\u0131yla ilgili s\u0131nav ilan\u0131n\u0131n yay\u0131mland\u0131\u011f\u0131n\u0131 duyurdu. Buna g\u00f6re, 850 adli yarg\u0131, 100 avukatl\u0131k mesle\u011finden adli yarg\u0131 ve 50 idari yarg\u0131 hakim yard\u0131mc\u0131s\u0131 al\u0131nacak. \u00d6SYM taraf\u0131ndan yap\u0131lacak s\u0131navlar 20-21 Aral\u0131k tarihlerinde ger\u00e7ekle\u015ftirilecek. \u0130\u015fte, 1000 hakim ve savc\u0131 yard\u0131mc\u0131s\u0131 al\u0131m\u0131 hakk\u0131nda t\u00fcm detaylar&#8230;\u00a0<a href=\"https:\/\/www.haberturk.com\/adalet-bakanligi-1000-hakim-ve-savci-yardimcisi-alimi-kadro-dagilimi-sinav-tarihleri-ve-sinav-basvuru-suresi-ve-basvuru-ucreti-3833950\" target=\"_blank\" class=\"feedzy-rss-link-icon\">Read More<\/a><\/p>","protected":false},"excerpt":{"rendered":"<p>Adalet Bakan\u0131 Y\u0131lmaz Tun\u00e7, 1000 hakim ve savc\u0131 yard\u0131mc\u0131s\u0131 al\u0131m\u0131yla ilgili s\u0131nav ilan\u0131n\u0131n yay\u0131mland\u0131\u011f\u0131n\u0131 duyurdu. Buna g\u00f6re, 850 adli yarg\u0131, 100 avukatl\u0131k mesle\u011finden adli yarg\u0131 ve 50 idari yarg\u0131 hakim yard\u0131mc\u0131s\u0131 al\u0131nacak. \u00d6SYM taraf\u0131ndan yap\u0131lacak s\u0131navlar 20-21 Aral\u0131k tarihlerinde ger\u00e7ekle\u015ftirilecek. \u0130\u015fte, 1000 hakim ve savc\u0131 yard\u0131mc\u0131s\u0131 al\u0131m\u0131 hakk\u0131nda t\u00fcm detaylar&#8230;Adalet Bakan\u0131 Y\u0131lmaz Tun\u00e7, 1000 hakim [&hellip;]<\/p>\n","protected":false},"author":1,"featured_media":0,"comment_status":"open","ping_status":"open","sticky":false,"template":"","format":"standard","meta":{"footnotes":"","_links_to":"","_links_to_target":""},"categories":[1],"tags":[],"class_list":["post-9742","post","type-post","status-publish","format-standard","hentry","category-haberler"],"_links":{"self":[{"href":"https:\/\/www.abchukuk.com\/index.php\/wp-json\/wp\/v2\/posts\/9742","targetHints":{"allow":["GET"]}}],"collection":[{"href":"https:\/\/www.abchukuk.com\/index.php\/wp-json\/wp\/v2\/posts"}],"about":[{"href":"https:\/\/www.abchukuk.com\/index.php\/wp-json\/wp\/v2\/types\/post"}],"author":[{"embeddable":true,"href":"https:\/\/www.abchukuk.com\/index.php\/wp-json\/wp\/v2\/users\/1"}],"replies":[{"embeddable":true,"href":"https:\/\/www.abchukuk.com\/index.php\/wp-json\/wp\/v2\/comments?post=9742"}],"version-history":[{"count":0,"href":"https:\/\/www.abchukuk.com\/index.php\/wp-json\/wp\/v2\/posts\/9742\/revisions"}],"wp:attachment":[{"href":"https:\/\/www.abchukuk.com\/index.php\/wp-json\/wp\/v2\/media?parent=9742"}],"wp:term":[{"taxonomy":"category","embeddable":true,"href":"https:\/\/www.abchukuk.com\/index.php\/wp-json\/wp\/v2\/categories?post=9742"},{"taxonomy":"post_tag","embeddable":true,"href":"https:\/\/www.abchukuk.com\/index.php\/wp-json\/wp\/v2\/tags?post=9742"}],"curies":[{"name":"wp","href":"https:\/\/api.w.org\/{rel}","templated":true}]}}