{"id":9739,"date":"2025-10-30T19:29:00","date_gmt":"2025-10-30T19:29:00","guid":{"rendered":"https:\/\/www.abchukuk.com\/index.php\/2025\/10\/30\/istanbulda-organize-suc-operasyonlari-10-ayda-906-kisi-gozaltina-alindi\/"},"modified":"2025-10-30T19:29:00","modified_gmt":"2025-10-30T19:29:00","slug":"istanbulda-organize-suc-operasyonlari-10-ayda-906-kisi-gozaltina-alindi","status":"publish","type":"post","link":"https:\/\/www.abchukuk.com\/index.php\/2025\/10\/30\/istanbulda-organize-suc-operasyonlari-10-ayda-906-kisi-gozaltina-alindi\/","title":{"rendered":"\u0130stanbul\u2019da organize su\u00e7 operasyonlar\u0131: 10 ayda 906 ki\u015fi g\u00f6zalt\u0131na al\u0131nd\u0131"},"content":{"rendered":"<p>Ba\u015fsavc\u0131l\u0131ktan yap\u0131lan a\u00e7\u0131klamaya g\u00f6re, 1 Ocak 2025\u2019ten bu yana 906 \u015f\u00fcpheli yakaland\u0131. Bu ki\u015filerden 700\u2019\u00fc tutuklan\u0131rken, 180\u2019i adli kontrol \u015fart\u0131yla, 26\u2019s\u0131 ise emniyetten serbest b\u0131rak\u0131ld\u0131.Ba\u015fsavc\u0131l\u0131ktan yap\u0131lan a\u00e7\u0131klamaya g\u00f6re, 1 Ocak 2025\u2019ten bu yana 906 \u015f\u00fcpheli yakaland\u0131. Bu ki\u015filerden 700\u2019\u00fc tutuklan\u0131rken, 180\u2019i adli kontrol \u015fart\u0131yla, 26\u2019s\u0131 ise emniyetten serbest b\u0131rak\u0131ld\u0131.\u00a0<a href=\"https:\/\/www.cumhuriyet.com.tr\/turkiye\/istanbul-da-organize-suc-operasyonlari-10-ayda-906-kisi-gozaltina-alindi-2448411\" target=\"_blank\" class=\"feedzy-rss-link-icon\">Read More<\/a><\/p>","protected":false},"excerpt":{"rendered":"<p>Ba\u015fsavc\u0131l\u0131ktan yap\u0131lan a\u00e7\u0131klamaya g\u00f6re, 1 Ocak 2025\u2019ten bu yana 906 \u015f\u00fcpheli yakaland\u0131. Bu ki\u015filerden 700\u2019\u00fc tutuklan\u0131rken, 180\u2019i adli kontrol \u015fart\u0131yla, 26\u2019s\u0131 ise emniyetten serbest b\u0131rak\u0131ld\u0131.Ba\u015fsavc\u0131l\u0131ktan yap\u0131lan a\u00e7\u0131klamaya g\u00f6re, 1 Ocak 2025\u2019ten bu yana 906 \u015f\u00fcpheli yakaland\u0131. Bu ki\u015filerden 700\u2019\u00fc tutuklan\u0131rken, 180\u2019i adli kontrol \u015fart\u0131yla, 26\u2019s\u0131 ise emniyetten serbest b\u0131rak\u0131ld\u0131.\u00a0Read More<\/p>\n","protected":false},"author":1,"featured_media":9740,"comment_status":"open","ping_status":"open","sticky":false,"template":"","format":"standard","meta":{"footnotes":"","_links_to":"","_links_to_target":""},"categories":[1],"tags":[],"class_list":["post-9739","post","type-post","status-publish","format-standard","has-post-thumbnail","hentry","category-haberler"],"_links":{"self":[{"href":"https:\/\/www.abchukuk.com\/index.php\/wp-json\/wp\/v2\/posts\/9739","targetHints":{"allow":["GET"]}}],"collection":[{"href":"https:\/\/www.abchukuk.com\/index.php\/wp-json\/wp\/v2\/posts"}],"about":[{"href":"https:\/\/www.abchukuk.com\/index.php\/wp-json\/wp\/v2\/types\/post"}],"author":[{"embeddable":true,"href":"https:\/\/www.abchukuk.com\/index.php\/wp-json\/wp\/v2\/users\/1"}],"replies":[{"embeddable":true,"href":"https:\/\/www.abchukuk.com\/index.php\/wp-json\/wp\/v2\/comments?post=9739"}],"version-history":[{"count":0,"href":"https:\/\/www.abchukuk.com\/index.php\/wp-json\/wp\/v2\/posts\/9739\/revisions"}],"wp:featuredmedia":[{"embeddable":true,"href":"https:\/\/www.abchukuk.com\/index.php\/wp-json\/wp\/v2\/media\/9740"}],"wp:attachment":[{"href":"https:\/\/www.abchukuk.com\/index.php\/wp-json\/wp\/v2\/media?parent=9739"}],"wp:term":[{"taxonomy":"category","embeddable":true,"href":"https:\/\/www.abchukuk.com\/index.php\/wp-json\/wp\/v2\/categories?post=9739"},{"taxonomy":"post_tag","embeddable":true,"href":"https:\/\/www.abchukuk.com\/index.php\/wp-json\/wp\/v2\/tags?post=9739"}],"curies":[{"name":"wp","href":"https:\/\/api.w.org\/{rel}","templated":true}]}}