{"id":9738,"date":"2025-10-30T16:09:24","date_gmt":"2025-10-30T16:09:24","guid":{"rendered":"https:\/\/www.abchukuk.com\/index.php\/2025\/10\/30\/adalet-bakani-tunc-imrali-ziyareti-sorusuna-yanit-verdi\/"},"modified":"2025-10-30T16:09:24","modified_gmt":"2025-10-30T16:09:24","slug":"adalet-bakani-tunc-imrali-ziyareti-sorusuna-yanit-verdi","status":"publish","type":"post","link":"https:\/\/www.abchukuk.com\/index.php\/2025\/10\/30\/adalet-bakani-tunc-imrali-ziyareti-sorusuna-yanit-verdi\/","title":{"rendered":"Adalet Bakan\u0131 Tun\u00e7, &#8216;\u0130mral\u0131 ziyareti&#8217; sorusuna yan\u0131t verdi"},"content":{"rendered":"<p>Adalet Bakan\u0131 Y\u0131lmaz Tun\u00e7, Milli Dayan\u0131\u015fma, Karde\u015flik ve Demokrasi Komisyonu toplant\u0131s\u0131n\u0131n ard\u0131ndan bas\u0131n\u0131n sorular\u0131n\u0131 yan\u0131tlad\u0131. Bakan Tun\u00e7, Komisyonun \u0130mral\u0131\u2019ya gitmesinin kendi karar\u0131 oldu\u011funu a\u00e7\u0131klad\u0131.Adalet Bakan\u0131 Y\u0131lmaz Tun\u00e7, Milli Dayan\u0131\u015fma, Karde\u015flik ve Demokrasi Komisyonu toplant\u0131s\u0131n\u0131n ard\u0131ndan bas\u0131n\u0131n sorular\u0131n\u0131 yan\u0131tlad\u0131. Bakan Tun\u00e7, Komisyonun \u0130mral\u0131\u2019ya gitmesinin kendi karar\u0131 oldu\u011funu a\u00e7\u0131klad\u0131.\u00a0<a href=\"https:\/\/anlatilaninotesi.com.tr\/20251030\/adalet-bakani-tunc-imrali-ziyareti-sorusuna-yanit-verdi-1100629625.html\" target=\"_blank\" class=\"feedzy-rss-link-icon\">Read More<\/a><\/p>","protected":false},"excerpt":{"rendered":"<p>Adalet Bakan\u0131 Y\u0131lmaz Tun\u00e7, Milli Dayan\u0131\u015fma, Karde\u015flik ve Demokrasi Komisyonu toplant\u0131s\u0131n\u0131n ard\u0131ndan bas\u0131n\u0131n sorular\u0131n\u0131 yan\u0131tlad\u0131. Bakan Tun\u00e7, Komisyonun \u0130mral\u0131\u2019ya gitmesinin kendi karar\u0131 oldu\u011funu a\u00e7\u0131klad\u0131.Adalet Bakan\u0131 Y\u0131lmaz Tun\u00e7, Milli Dayan\u0131\u015fma, Karde\u015flik ve Demokrasi Komisyonu toplant\u0131s\u0131n\u0131n ard\u0131ndan bas\u0131n\u0131n sorular\u0131n\u0131 yan\u0131tlad\u0131. Bakan Tun\u00e7, Komisyonun \u0130mral\u0131\u2019ya gitmesinin kendi karar\u0131 oldu\u011funu a\u00e7\u0131klad\u0131.\u00a0Read More<\/p>\n","protected":false},"author":1,"featured_media":0,"comment_status":"open","ping_status":"open","sticky":false,"template":"","format":"standard","meta":{"footnotes":"","_links_to":"","_links_to_target":""},"categories":[1],"tags":[],"class_list":["post-9738","post","type-post","status-publish","format-standard","hentry","category-haberler"],"_links":{"self":[{"href":"https:\/\/www.abchukuk.com\/index.php\/wp-json\/wp\/v2\/posts\/9738","targetHints":{"allow":["GET"]}}],"collection":[{"href":"https:\/\/www.abchukuk.com\/index.php\/wp-json\/wp\/v2\/posts"}],"about":[{"href":"https:\/\/www.abchukuk.com\/index.php\/wp-json\/wp\/v2\/types\/post"}],"author":[{"embeddable":true,"href":"https:\/\/www.abchukuk.com\/index.php\/wp-json\/wp\/v2\/users\/1"}],"replies":[{"embeddable":true,"href":"https:\/\/www.abchukuk.com\/index.php\/wp-json\/wp\/v2\/comments?post=9738"}],"version-history":[{"count":0,"href":"https:\/\/www.abchukuk.com\/index.php\/wp-json\/wp\/v2\/posts\/9738\/revisions"}],"wp:attachment":[{"href":"https:\/\/www.abchukuk.com\/index.php\/wp-json\/wp\/v2\/media?parent=9738"}],"wp:term":[{"taxonomy":"category","embeddable":true,"href":"https:\/\/www.abchukuk.com\/index.php\/wp-json\/wp\/v2\/categories?post=9738"},{"taxonomy":"post_tag","embeddable":true,"href":"https:\/\/www.abchukuk.com\/index.php\/wp-json\/wp\/v2\/tags?post=9738"}],"curies":[{"name":"wp","href":"https:\/\/api.w.org\/{rel}","templated":true}]}}