{"id":9736,"date":"2025-10-30T16:27:00","date_gmt":"2025-10-30T16:27:00","guid":{"rendered":"https:\/\/www.abchukuk.com\/index.php\/2025\/10\/30\/chpden-esenyurtta-millet-iradesine-sahip-cikiyor-mitingi-ahmet-ozerin-tutuklulugunun-1-yilinda-esenyurtta-buyuk-bulusma\/"},"modified":"2025-10-30T16:27:00","modified_gmt":"2025-10-30T16:27:00","slug":"chpden-esenyurtta-millet-iradesine-sahip-cikiyor-mitingi-ahmet-ozerin-tutuklulugunun-1-yilinda-esenyurtta-buyuk-bulusma","status":"publish","type":"post","link":"https:\/\/www.abchukuk.com\/index.php\/2025\/10\/30\/chpden-esenyurtta-millet-iradesine-sahip-cikiyor-mitingi-ahmet-ozerin-tutuklulugunun-1-yilinda-esenyurtta-buyuk-bulusma\/","title":{"rendered":"CHP\u2019den Esenyurt\u2019ta \u2018Millet \u0130radesine Sahip \u00c7\u0131k\u0131yor\u2019 mitingi&#8230; Ahmet \u00d6zer\u2019in tutuklulu\u011funun 1. y\u0131l\u0131nda Esenyurt\u2019ta b\u00fcy\u00fck bulu\u015fma!"},"content":{"rendered":"<p>Cumhuriyet Halk Partisi\u2019nin &#8216;Millet \u0130radesine Sahip \u00c7\u0131k\u0131yor&#8217; mitingi, Belediye Ba\u015fkan\u0131 Ahmet \u00d6zer&#8217;in tutuklulu\u011funun 1&#8217;inci y\u0131l\u0131nda Esenyurt\u2019ta ger\u00e7ekle\u015fiyor.Cumhuriyet Halk Partisi\u2019nin &#8216;Millet \u0130radesine Sahip \u00c7\u0131k\u0131yor&#8217; mitingi, Belediye Ba\u015fkan\u0131 Ahmet \u00d6zer&#8217;in tutuklulu\u011funun 1&#8217;inci y\u0131l\u0131nda Esenyurt\u2019ta ger\u00e7ekle\u015fiyor.\u00a0<a href=\"https:\/\/www.cumhuriyet.com.tr\/turkiye\/chp-den-esenyurt-ta-millet-iradesine-sahip-cikiyor-mitingi-ahmet-ozer-in-tutuklulugunun-1-yilinda-esenyurt-ta-buyuk-bulusma-2448383\" target=\"_blank\" class=\"feedzy-rss-link-icon\">Read More<\/a><\/p>","protected":false},"excerpt":{"rendered":"<p>Cumhuriyet Halk Partisi\u2019nin &#8216;Millet \u0130radesine Sahip \u00c7\u0131k\u0131yor&#8217; mitingi, Belediye Ba\u015fkan\u0131 Ahmet \u00d6zer&#8217;in tutuklulu\u011funun 1&#8217;inci y\u0131l\u0131nda Esenyurt\u2019ta ger\u00e7ekle\u015fiyor.Cumhuriyet Halk Partisi\u2019nin &#8216;Millet \u0130radesine Sahip \u00c7\u0131k\u0131yor&#8217; mitingi, Belediye Ba\u015fkan\u0131 Ahmet \u00d6zer&#8217;in tutuklulu\u011funun 1&#8217;inci y\u0131l\u0131nda Esenyurt\u2019ta ger\u00e7ekle\u015fiyor.\u00a0Read More<\/p>\n","protected":false},"author":1,"featured_media":9737,"comment_status":"open","ping_status":"open","sticky":false,"template":"","format":"standard","meta":{"footnotes":"","_links_to":"","_links_to_target":""},"categories":[1],"tags":[],"class_list":["post-9736","post","type-post","status-publish","format-standard","has-post-thumbnail","hentry","category-haberler"],"_links":{"self":[{"href":"https:\/\/www.abchukuk.com\/index.php\/wp-json\/wp\/v2\/posts\/9736","targetHints":{"allow":["GET"]}}],"collection":[{"href":"https:\/\/www.abchukuk.com\/index.php\/wp-json\/wp\/v2\/posts"}],"about":[{"href":"https:\/\/www.abchukuk.com\/index.php\/wp-json\/wp\/v2\/types\/post"}],"author":[{"embeddable":true,"href":"https:\/\/www.abchukuk.com\/index.php\/wp-json\/wp\/v2\/users\/1"}],"replies":[{"embeddable":true,"href":"https:\/\/www.abchukuk.com\/index.php\/wp-json\/wp\/v2\/comments?post=9736"}],"version-history":[{"count":0,"href":"https:\/\/www.abchukuk.com\/index.php\/wp-json\/wp\/v2\/posts\/9736\/revisions"}],"wp:featuredmedia":[{"embeddable":true,"href":"https:\/\/www.abchukuk.com\/index.php\/wp-json\/wp\/v2\/media\/9737"}],"wp:attachment":[{"href":"https:\/\/www.abchukuk.com\/index.php\/wp-json\/wp\/v2\/media?parent=9736"}],"wp:term":[{"taxonomy":"category","embeddable":true,"href":"https:\/\/www.abchukuk.com\/index.php\/wp-json\/wp\/v2\/categories?post=9736"},{"taxonomy":"post_tag","embeddable":true,"href":"https:\/\/www.abchukuk.com\/index.php\/wp-json\/wp\/v2\/tags?post=9736"}],"curies":[{"name":"wp","href":"https:\/\/api.w.org\/{rel}","templated":true}]}}