{"id":9734,"date":"2025-10-30T16:45:00","date_gmt":"2025-10-30T16:45:00","guid":{"rendered":"https:\/\/www.abchukuk.com\/index.php\/2025\/10\/30\/yargitay-daire-baskaninin-yeni-safaka-tepkisi-suruyor-kucuk-ama-mide-bulandirir\/"},"modified":"2025-10-30T16:45:00","modified_gmt":"2025-10-30T16:45:00","slug":"yargitay-daire-baskaninin-yeni-safaka-tepkisi-suruyor-kucuk-ama-mide-bulandirir","status":"publish","type":"post","link":"https:\/\/www.abchukuk.com\/index.php\/2025\/10\/30\/yargitay-daire-baskaninin-yeni-safaka-tepkisi-suruyor-kucuk-ama-mide-bulandirir\/","title":{"rendered":"Yarg\u0131tay Daire Ba\u015fkan\u0131&#8217;n\u0131n Yeni \u015eafak&#8217;a tepkisi s\u00fcr\u00fcyor: &#8216;K\u00fc\u00e7\u00fck ama mide buland\u0131r\u0131r&#8217;"},"content":{"rendered":"<p>Yarg\u0131tay 11. Hukuk Dairesi Ba\u015fkan\u0131 Abdullah Yaman, Yeni \u015eafak&#8217;a tepkisi s\u00fcr\u00fcyor. Sosyal medya hesab\u0131ndan bir payla\u015f\u0131m yapan Yaman, Yeni \u015eafak i\u00e7in \u201c k\u00fc\u00e7\u00fckt\u00fcr lakin mide buland\u0131r\u0131r, potansiyelinden hareketle; m\u00fcsaadenizle fazla detaya inmeden \u00f6zet bilgi sunmak istiyorum\u201d diyerek bir a\u00e7\u0131klama yapt\u0131. Yaman ayn\u0131 zamanda manevi tazminat ve su\u00e7 duyurusu haz\u0131rl\u0131klar\u0131 yapt\u0131\u011f\u0131n\u0131 duyurdu.Yarg\u0131tay 11. Hukuk Dairesi Ba\u015fkan\u0131 Abdullah Yaman, Yeni \u015eafak&#8217;a tepkisi s\u00fcr\u00fcyor. Sosyal medya hesab\u0131ndan bir payla\u015f\u0131m yapan Yaman, Yeni \u015eafak i\u00e7in \u201c k\u00fc\u00e7\u00fckt\u00fcr lakin mide buland\u0131r\u0131r, potansiyelinden hareketle; m\u00fcsaadenizle fazla detaya inmeden \u00f6zet bilgi sunmak istiyorum\u201d diyerek bir a\u00e7\u0131klama yapt\u0131. Yaman ayn\u0131 zamanda manevi tazminat ve su\u00e7 duyurusu haz\u0131rl\u0131klar\u0131 yapt\u0131\u011f\u0131n\u0131 duyurdu.\u00a0<a href=\"https:\/\/www.cumhuriyet.com.tr\/siyaset\/yargitay-daire-baskani-nin-yeni-safak-a-tepkisi-suruyor-kucuk-ama-mide-bulandirir-2448388\" target=\"_blank\" class=\"feedzy-rss-link-icon\">Read More<\/a><\/p>","protected":false},"excerpt":{"rendered":"<p>Yarg\u0131tay 11. Hukuk Dairesi Ba\u015fkan\u0131 Abdullah Yaman, Yeni \u015eafak&#8217;a tepkisi s\u00fcr\u00fcyor. Sosyal medya hesab\u0131ndan bir payla\u015f\u0131m yapan Yaman, Yeni \u015eafak i\u00e7in \u201c k\u00fc\u00e7\u00fckt\u00fcr lakin mide buland\u0131r\u0131r, potansiyelinden hareketle; m\u00fcsaadenizle fazla detaya inmeden \u00f6zet bilgi sunmak istiyorum\u201d diyerek bir a\u00e7\u0131klama yapt\u0131. Yaman ayn\u0131 zamanda manevi tazminat ve su\u00e7 duyurusu haz\u0131rl\u0131klar\u0131 yapt\u0131\u011f\u0131n\u0131 duyurdu.Yarg\u0131tay 11. Hukuk Dairesi Ba\u015fkan\u0131 [&hellip;]<\/p>\n","protected":false},"author":1,"featured_media":9735,"comment_status":"open","ping_status":"open","sticky":false,"template":"","format":"standard","meta":{"footnotes":"","_links_to":"","_links_to_target":""},"categories":[1],"tags":[],"class_list":["post-9734","post","type-post","status-publish","format-standard","has-post-thumbnail","hentry","category-haberler"],"_links":{"self":[{"href":"https:\/\/www.abchukuk.com\/index.php\/wp-json\/wp\/v2\/posts\/9734","targetHints":{"allow":["GET"]}}],"collection":[{"href":"https:\/\/www.abchukuk.com\/index.php\/wp-json\/wp\/v2\/posts"}],"about":[{"href":"https:\/\/www.abchukuk.com\/index.php\/wp-json\/wp\/v2\/types\/post"}],"author":[{"embeddable":true,"href":"https:\/\/www.abchukuk.com\/index.php\/wp-json\/wp\/v2\/users\/1"}],"replies":[{"embeddable":true,"href":"https:\/\/www.abchukuk.com\/index.php\/wp-json\/wp\/v2\/comments?post=9734"}],"version-history":[{"count":0,"href":"https:\/\/www.abchukuk.com\/index.php\/wp-json\/wp\/v2\/posts\/9734\/revisions"}],"wp:featuredmedia":[{"embeddable":true,"href":"https:\/\/www.abchukuk.com\/index.php\/wp-json\/wp\/v2\/media\/9735"}],"wp:attachment":[{"href":"https:\/\/www.abchukuk.com\/index.php\/wp-json\/wp\/v2\/media?parent=9734"}],"wp:term":[{"taxonomy":"category","embeddable":true,"href":"https:\/\/www.abchukuk.com\/index.php\/wp-json\/wp\/v2\/categories?post=9734"},{"taxonomy":"post_tag","embeddable":true,"href":"https:\/\/www.abchukuk.com\/index.php\/wp-json\/wp\/v2\/tags?post=9734"}],"curies":[{"name":"wp","href":"https:\/\/api.w.org\/{rel}","templated":true}]}}