{"id":9732,"date":"2025-10-30T16:49:10","date_gmt":"2025-10-30T16:49:10","guid":{"rendered":"https:\/\/www.abchukuk.com\/index.php\/2025\/10\/30\/hsk-uyesi-hakan-yuksel-ve-kirklareli-bassavcisi-levent-taskoparandan-bodrum-adliyesine-ziyaret\/"},"modified":"2025-10-30T16:49:10","modified_gmt":"2025-10-30T16:49:10","slug":"hsk-uyesi-hakan-yuksel-ve-kirklareli-bassavcisi-levent-taskoparandan-bodrum-adliyesine-ziyaret","status":"publish","type":"post","link":"https:\/\/www.abchukuk.com\/index.php\/2025\/10\/30\/hsk-uyesi-hakan-yuksel-ve-kirklareli-bassavcisi-levent-taskoparandan-bodrum-adliyesine-ziyaret\/","title":{"rendered":"HSK \u00fcyesi Hakan Y\u00fcksel ve K\u0131rklareli Ba\u015fsavc\u0131s\u0131 Levent Ta\u015fkoparan\u2019dan Bodrum Adliyesine ziyaret"},"content":{"rendered":"<p>HSK \u00dcyesi Hakan Y\u00fcksel, K\u0131rklareli Cumhuriyet Ba\u015fsavc\u0131s\u0131 Levent Ta\u015fkoparan ile birlikte Bodrum Adliyesini ziyaret etti.<\/p>\n<p><img fetchpriority=\"high\" decoding=\"async\" class=\"alignnone size-large wp-image-164358\" src=\"https:\/\/www.son.tv\/wp-content\/uploads\/2025\/10\/a8da801f-85f7-4f30-8ed3-7ba4bb6797cf-1024x682.jpeg\" alt=\"\" width=\"1024\" height=\"682\" \/><\/p>\n<p>Bodrum Cumhuriyet Ba\u015fsavc\u0131s\u0131 Beh\u00e7et \u0130\u015flek ve Adli Yarg\u0131 \u0130lk Derece Mahkemesi Adalet Komisyonu Ba\u015fkan\u0131 \u00d6zer \u00c7ilo\u011flu ile bir araya gelen Y\u00fcksel ve Ta\u015fkoparan, adliyedeki \u00e7al\u0131\u015fmalar hakk\u0131nda bilgi ald\u0131. Y\u00fcksel ve Ta\u015fkoparan ziyaret sonras\u0131 t\u00fcm hakim savc\u0131larla bir araya gelerek onlar\u0131 dinledi.<\/p>\n<p><img decoding=\"async\" class=\"alignnone size-large wp-image-164359\" src=\"https:\/\/www.son.tv\/wp-content\/uploads\/2025\/10\/9d5e4d1a-48a0-4760-84fd-3604734e2170-768x1024.jpeg\" alt=\"\" width=\"768\" height=\"1024\" \/> <img decoding=\"async\" class=\"alignnone size-large wp-image-164360\" src=\"https:\/\/www.son.tv\/wp-content\/uploads\/2025\/10\/3c1dee10-c7ee-442b-ba9a-111ff13e0f48-768x1024.jpeg\" alt=\"\" width=\"768\" height=\"1024\" \/> <img loading=\"lazy\" decoding=\"async\" loading=\"lazy\" class=\"alignnone size-large wp-image-164361\" src=\"https:\/\/www.son.tv\/wp-content\/uploads\/2025\/10\/2c668db4-bd1a-441c-8e74-7ad7bfa023a9-1024x682.jpeg\" alt=\"\" width=\"1024\" height=\"682\" \/> <img loading=\"lazy\" decoding=\"async\" loading=\"lazy\" class=\"alignnone size-large wp-image-164362\" src=\"https:\/\/www.son.tv\/wp-content\/uploads\/2025\/10\/6bb7af0d-4802-4a35-a667-0571d1d30a90-768x1024.jpeg\" alt=\"\" width=\"768\" height=\"1024\" \/> <img loading=\"lazy\" decoding=\"async\" loading=\"lazy\" class=\"alignnone size-large wp-image-164363\" src=\"https:\/\/www.son.tv\/wp-content\/uploads\/2025\/10\/3d969037-1101-4d0e-b0a2-8edfeb960f19.jpeg\" alt=\"\" width=\"793\" height=\"807\" \/><\/p>\n<p>HSK \u00dcyesi Hakan Y\u00fcksel ile K\u0131rklareli Cumhuriyet Ba\u015fsavc\u0131s\u0131 Levent Ta\u015fkoparan, Bodrum Adliyesini ziyaret ederek Ba\u015fsavc\u0131 Beh\u00e7et \u0130\u015flek ve Komisyon Ba\u015fkan\u0131 \u00d6zer \u00c7ilo\u011flu ile bir araya geldi. Ziyarette adliyedeki \u00e7al\u0131\u015fmalar ve yarg\u0131 hizmetlerinin i\u015fleyi\u015fi hakk\u0131nda de\u011ferlendirmelerde bulunuldu.\u00a0<a href=\"https:\/\/www.son.tv\/hsk-uyesi-hakan-yuksel-ve-kirklareli-bassavcisi-levent-taskoparandan-bodrum-adliyesine-ziyaret\/\" target=\"_blank\" class=\"feedzy-rss-link-icon\">Read More<\/a><\/p>","protected":false},"excerpt":{"rendered":"<p>HSK \u00dcyesi Hakan Y\u00fcksel, K\u0131rklareli Cumhuriyet Ba\u015fsavc\u0131s\u0131 Levent Ta\u015fkoparan ile birlikte Bodrum Adliyesini ziyaret etti. Bodrum Cumhuriyet Ba\u015fsavc\u0131s\u0131 Beh\u00e7et \u0130\u015flek ve Adli Yarg\u0131 \u0130lk Derece Mahkemesi Adalet Komisyonu Ba\u015fkan\u0131 \u00d6zer \u00c7ilo\u011flu ile bir araya gelen Y\u00fcksel ve Ta\u015fkoparan, adliyedeki \u00e7al\u0131\u015fmalar hakk\u0131nda bilgi ald\u0131. Y\u00fcksel ve Ta\u015fkoparan ziyaret sonras\u0131 t\u00fcm hakim savc\u0131larla bir araya gelerek onlar\u0131 [&hellip;]<\/p>\n","protected":false},"author":1,"featured_media":9733,"comment_status":"open","ping_status":"open","sticky":false,"template":"","format":"standard","meta":{"footnotes":"","_links_to":"","_links_to_target":""},"categories":[1],"tags":[],"class_list":["post-9732","post","type-post","status-publish","format-standard","has-post-thumbnail","hentry","category-haberler"],"_links":{"self":[{"href":"https:\/\/www.abchukuk.com\/index.php\/wp-json\/wp\/v2\/posts\/9732","targetHints":{"allow":["GET"]}}],"collection":[{"href":"https:\/\/www.abchukuk.com\/index.php\/wp-json\/wp\/v2\/posts"}],"about":[{"href":"https:\/\/www.abchukuk.com\/index.php\/wp-json\/wp\/v2\/types\/post"}],"author":[{"embeddable":true,"href":"https:\/\/www.abchukuk.com\/index.php\/wp-json\/wp\/v2\/users\/1"}],"replies":[{"embeddable":true,"href":"https:\/\/www.abchukuk.com\/index.php\/wp-json\/wp\/v2\/comments?post=9732"}],"version-history":[{"count":0,"href":"https:\/\/www.abchukuk.com\/index.php\/wp-json\/wp\/v2\/posts\/9732\/revisions"}],"wp:featuredmedia":[{"embeddable":true,"href":"https:\/\/www.abchukuk.com\/index.php\/wp-json\/wp\/v2\/media\/9733"}],"wp:attachment":[{"href":"https:\/\/www.abchukuk.com\/index.php\/wp-json\/wp\/v2\/media?parent=9732"}],"wp:term":[{"taxonomy":"category","embeddable":true,"href":"https:\/\/www.abchukuk.com\/index.php\/wp-json\/wp\/v2\/categories?post=9732"},{"taxonomy":"post_tag","embeddable":true,"href":"https:\/\/www.abchukuk.com\/index.php\/wp-json\/wp\/v2\/tags?post=9732"}],"curies":[{"name":"wp","href":"https:\/\/api.w.org\/{rel}","templated":true}]}}