{"id":9729,"date":"2025-10-30T14:44:00","date_gmt":"2025-10-30T14:44:00","guid":{"rendered":"https:\/\/www.abchukuk.com\/index.php\/2025\/10\/30\/kartalkaya-davasinda-sanik-avukatindan-mahkemeden-sok-sozler-benim-muvekkilim-geri-zekali\/"},"modified":"2025-10-30T14:44:00","modified_gmt":"2025-10-30T14:44:00","slug":"kartalkaya-davasinda-sanik-avukatindan-mahkemeden-sok-sozler-benim-muvekkilim-geri-zekali","status":"publish","type":"post","link":"https:\/\/www.abchukuk.com\/index.php\/2025\/10\/30\/kartalkaya-davasinda-sanik-avukatindan-mahkemeden-sok-sozler-benim-muvekkilim-geri-zekali\/","title":{"rendered":"Kartalkaya Davas\u0131nda San\u0131k Avukat\u0131ndan Mahkemeden \u015eok S\u00f6zler: \u2018Benim M\u00fcvekkilim Geri Zekal\u0131\u2019"},"content":{"rendered":"<p><a href=\"https:\/\/www.gercekgundem.com\/guncel\/kartalkaya-davasinda-sanik-avukatindan-mahkemeden-sok-sozler-benim-muvekkilim-geri-zekali-561190\"><br \/>\n                                                            <img decoding=\"async\" src=\"https:\/\/i.gercekgundem.com\/2\/150\/84\/storage\/files\/images\/2025\/10\/30\/kartalkaya-davasinda-sanik-avukatindan-mahkemeden-sok-sozler-benim-muvekkilim-geri-zekali-vd2n.jpg\" width=\"150\" height=\"84\" border=\"0\" align=\"right\" \/><br \/>\n                                                    <\/a><\/p>\n<h4>Bolu Kartalkaya\u2019daki Grand Kartal Otel yang\u0131n\u0131nda 78 ki\u015finin hayat\u0131n\u0131 kaybetti\u011fi davada, san\u0131k avukat\u0131 Serb\u00fclent Baykan\u2019\u0131n mahkeme salonunda s\u00f6yledi\u011fi \u201cBenim m\u00fcvekkilim geri zekal\u0131\u201d s\u00f6zleri b\u00fcy\u00fck \u015fa\u015fk\u0131nl\u0131k yaratt\u0131. Avukat, m\u00fcvekkilinin beraatini talep etmedi\u011fini belirterek, yang\u0131n\u0131n \u201ckasten adam \u00f6ld\u00fcrme\u201d oldu\u011funu savundu.<\/h4>\n<p>Bolu Kartalkaya\u2019daki Grand Kartal Otel yang\u0131n\u0131nda 78 ki\u015finin hayat\u0131n\u0131 kaybetti\u011fi davada, san\u0131k avukat\u0131 Serb\u00fclent Baykan\u2019\u0131n mahkeme salonunda s\u00f6yledi\u011fi \u201cBenim m\u00fcvekkilim geri zekal\u0131\u201d s\u00f6zleri b\u00fcy\u00fck \u015fa\u015fk\u0131nl\u0131k yaratt\u0131. Avukat, m\u00fcvekkilinin beraatini talep etmedi\u011fini belirterek, yang\u0131n\u0131n \u201ckasten adam \u00f6ld\u00fcrme\u201d oldu\u011funu savundu.\u00a0<a href=\"https:\/\/www.gercekgundem.com\/guncel\/kartalkaya-davasinda-sanik-avukatindan-mahkemeden-sok-sozler-benim-muvekkilim-geri-zekali-561190\" target=\"_blank\" class=\"feedzy-rss-link-icon\">Read More<\/a><\/p>","protected":false},"excerpt":{"rendered":"<p>Bolu Kartalkaya\u2019daki Grand Kartal Otel yang\u0131n\u0131nda 78 ki\u015finin hayat\u0131n\u0131 kaybetti\u011fi davada, san\u0131k avukat\u0131 Serb\u00fclent Baykan\u2019\u0131n mahkeme salonunda s\u00f6yledi\u011fi \u201cBenim m\u00fcvekkilim geri zekal\u0131\u201d s\u00f6zleri b\u00fcy\u00fck \u015fa\u015fk\u0131nl\u0131k yaratt\u0131. Avukat, m\u00fcvekkilinin beraatini talep etmedi\u011fini belirterek, yang\u0131n\u0131n \u201ckasten adam \u00f6ld\u00fcrme\u201d oldu\u011funu savundu. Bolu Kartalkaya\u2019daki Grand Kartal Otel yang\u0131n\u0131nda 78 ki\u015finin hayat\u0131n\u0131 kaybetti\u011fi davada, san\u0131k avukat\u0131 Serb\u00fclent Baykan\u2019\u0131n mahkeme salonunda [&hellip;]<\/p>\n","protected":false},"author":1,"featured_media":9730,"comment_status":"open","ping_status":"open","sticky":false,"template":"","format":"standard","meta":{"footnotes":"","_links_to":"","_links_to_target":""},"categories":[1],"tags":[],"class_list":["post-9729","post","type-post","status-publish","format-standard","has-post-thumbnail","hentry","category-haberler"],"_links":{"self":[{"href":"https:\/\/www.abchukuk.com\/index.php\/wp-json\/wp\/v2\/posts\/9729","targetHints":{"allow":["GET"]}}],"collection":[{"href":"https:\/\/www.abchukuk.com\/index.php\/wp-json\/wp\/v2\/posts"}],"about":[{"href":"https:\/\/www.abchukuk.com\/index.php\/wp-json\/wp\/v2\/types\/post"}],"author":[{"embeddable":true,"href":"https:\/\/www.abchukuk.com\/index.php\/wp-json\/wp\/v2\/users\/1"}],"replies":[{"embeddable":true,"href":"https:\/\/www.abchukuk.com\/index.php\/wp-json\/wp\/v2\/comments?post=9729"}],"version-history":[{"count":0,"href":"https:\/\/www.abchukuk.com\/index.php\/wp-json\/wp\/v2\/posts\/9729\/revisions"}],"wp:featuredmedia":[{"embeddable":true,"href":"https:\/\/www.abchukuk.com\/index.php\/wp-json\/wp\/v2\/media\/9730"}],"wp:attachment":[{"href":"https:\/\/www.abchukuk.com\/index.php\/wp-json\/wp\/v2\/media?parent=9729"}],"wp:term":[{"taxonomy":"category","embeddable":true,"href":"https:\/\/www.abchukuk.com\/index.php\/wp-json\/wp\/v2\/categories?post=9729"},{"taxonomy":"post_tag","embeddable":true,"href":"https:\/\/www.abchukuk.com\/index.php\/wp-json\/wp\/v2\/tags?post=9729"}],"curies":[{"name":"wp","href":"https:\/\/api.w.org\/{rel}","templated":true}]}}