{"id":9727,"date":"2025-10-30T14:48:00","date_gmt":"2025-10-30T14:48:00","guid":{"rendered":"https:\/\/www.abchukuk.com\/index.php\/2025\/10\/30\/emineyi-6-kursunla-olduren-sanik-ile-yegenine-agirlastirilmis-muebbet-talebi\/"},"modified":"2025-10-30T14:48:00","modified_gmt":"2025-10-30T14:48:00","slug":"emineyi-6-kursunla-olduren-sanik-ile-yegenine-agirlastirilmis-muebbet-talebi","status":"publish","type":"post","link":"https:\/\/www.abchukuk.com\/index.php\/2025\/10\/30\/emineyi-6-kursunla-olduren-sanik-ile-yegenine-agirlastirilmis-muebbet-talebi\/","title":{"rendered":"Emine&#8217;yi 6 kur\u015funla \u00f6ld\u00fcren san\u0131k ile ye\u011fenine a\u011f\u0131rla\u015ft\u0131r\u0131lm\u0131\u015f m\u00fcebbet talebi"},"content":{"rendered":"<p>Samsun\u2019da bo\u015fanma a\u015famas\u0131ndaki e\u015fi Emine Akp\u0131nar\u2019\u0131 6 kur\u015funla \u00f6ld\u00fcren Emrah Akp\u0131nar ve ye\u011feni Ali \u00d6zkan hakk\u0131nda savc\u0131, a\u011f\u0131rla\u015ft\u0131r\u0131lm\u0131\u015f m\u00fcebbet hapis cezas\u0131 talep etti. Mahkeme, duru\u015fmay\u0131 ileri bir tarihe erteledi.Samsun\u2019da bo\u015fanma a\u015famas\u0131ndaki e\u015fi Emine Akp\u0131nar\u2019\u0131 6 kur\u015funla \u00f6ld\u00fcren Emrah Akp\u0131nar ve ye\u011feni Ali \u00d6zkan hakk\u0131nda savc\u0131, a\u011f\u0131rla\u015ft\u0131r\u0131lm\u0131\u015f m\u00fcebbet hapis cezas\u0131 talep etti. Mahkeme, duru\u015fmay\u0131 ileri bir tarihe erteledi.\u00a0<a href=\"https:\/\/www.cumhuriyet.com.tr\/turkiye\/emine-yi-6-kursunla-olduren-sanik-ile-yegenine-agirlastirilmis-muebbet-talebi-2448356\" target=\"_blank\" class=\"feedzy-rss-link-icon\">Read More<\/a><\/p>","protected":false},"excerpt":{"rendered":"<p>Samsun\u2019da bo\u015fanma a\u015famas\u0131ndaki e\u015fi Emine Akp\u0131nar\u2019\u0131 6 kur\u015funla \u00f6ld\u00fcren Emrah Akp\u0131nar ve ye\u011feni Ali \u00d6zkan hakk\u0131nda savc\u0131, a\u011f\u0131rla\u015ft\u0131r\u0131lm\u0131\u015f m\u00fcebbet hapis cezas\u0131 talep etti. Mahkeme, duru\u015fmay\u0131 ileri bir tarihe erteledi.Samsun\u2019da bo\u015fanma a\u015famas\u0131ndaki e\u015fi Emine Akp\u0131nar\u2019\u0131 6 kur\u015funla \u00f6ld\u00fcren Emrah Akp\u0131nar ve ye\u011feni Ali \u00d6zkan hakk\u0131nda savc\u0131, a\u011f\u0131rla\u015ft\u0131r\u0131lm\u0131\u015f m\u00fcebbet hapis cezas\u0131 talep etti. Mahkeme, duru\u015fmay\u0131 ileri bir [&hellip;]<\/p>\n","protected":false},"author":1,"featured_media":9728,"comment_status":"open","ping_status":"open","sticky":false,"template":"","format":"standard","meta":{"footnotes":"","_links_to":"","_links_to_target":""},"categories":[1],"tags":[],"class_list":["post-9727","post","type-post","status-publish","format-standard","has-post-thumbnail","hentry","category-haberler"],"_links":{"self":[{"href":"https:\/\/www.abchukuk.com\/index.php\/wp-json\/wp\/v2\/posts\/9727","targetHints":{"allow":["GET"]}}],"collection":[{"href":"https:\/\/www.abchukuk.com\/index.php\/wp-json\/wp\/v2\/posts"}],"about":[{"href":"https:\/\/www.abchukuk.com\/index.php\/wp-json\/wp\/v2\/types\/post"}],"author":[{"embeddable":true,"href":"https:\/\/www.abchukuk.com\/index.php\/wp-json\/wp\/v2\/users\/1"}],"replies":[{"embeddable":true,"href":"https:\/\/www.abchukuk.com\/index.php\/wp-json\/wp\/v2\/comments?post=9727"}],"version-history":[{"count":0,"href":"https:\/\/www.abchukuk.com\/index.php\/wp-json\/wp\/v2\/posts\/9727\/revisions"}],"wp:featuredmedia":[{"embeddable":true,"href":"https:\/\/www.abchukuk.com\/index.php\/wp-json\/wp\/v2\/media\/9728"}],"wp:attachment":[{"href":"https:\/\/www.abchukuk.com\/index.php\/wp-json\/wp\/v2\/media?parent=9727"}],"wp:term":[{"taxonomy":"category","embeddable":true,"href":"https:\/\/www.abchukuk.com\/index.php\/wp-json\/wp\/v2\/categories?post=9727"},{"taxonomy":"post_tag","embeddable":true,"href":"https:\/\/www.abchukuk.com\/index.php\/wp-json\/wp\/v2\/tags?post=9727"}],"curies":[{"name":"wp","href":"https:\/\/api.w.org\/{rel}","templated":true}]}}