{"id":9725,"date":"2025-10-30T14:52:00","date_gmt":"2025-10-30T14:52:00","guid":{"rendered":"https:\/\/www.abchukuk.com\/index.php\/2025\/10\/30\/chpli-arslandan-staj-ve-ciraklik-magdurlari-icin-kanun-teklifi\/"},"modified":"2025-10-30T14:52:00","modified_gmt":"2025-10-30T14:52:00","slug":"chpli-arslandan-staj-ve-ciraklik-magdurlari-icin-kanun-teklifi","status":"publish","type":"post","link":"https:\/\/www.abchukuk.com\/index.php\/2025\/10\/30\/chpli-arslandan-staj-ve-ciraklik-magdurlari-icin-kanun-teklifi\/","title":{"rendered":"CHP\u2019li Arslan&#8217;dan staj ve \u00e7\u0131rakl\u0131k ma\u011fdurlar\u0131 i\u00e7in kanun teklifi"},"content":{"rendered":"<p>CHP Eski\u015fehir Milletvekili \u0130brahim Arslan, staj ve \u00e7\u0131rakl\u0131k ma\u011fdurlar\u0131n\u0131n sigorta ba\u015flang\u0131c\u0131n\u0131n fiilen i\u015fe ba\u015flad\u0131klar\u0131 tarihe \u00e7ekilmesi i\u00e7in kanun teklifi verdi. Arslan, &#8221;Bu kanun teklifi, erken ya\u015fta \u00e7al\u0131\u015fmaya ba\u015flayan gen\u00e7lerimizin gasbedilen haklar\u0131n\u0131n iadesidir. Sosyal devlet anlay\u0131\u015f\u0131 bunu gerektirir, biz bu anlay\u0131\u015f\u0131n temsilcisiyiz&#8221; dedi.CHP Eski\u015fehir Milletvekili \u0130brahim Arslan, staj ve \u00e7\u0131rakl\u0131k ma\u011fdurlar\u0131n\u0131n sigorta ba\u015flang\u0131c\u0131n\u0131n fiilen i\u015fe ba\u015flad\u0131klar\u0131 tarihe \u00e7ekilmesi i\u00e7in kanun teklifi verdi. Arslan, &#8221;Bu kanun teklifi, erken ya\u015fta \u00e7al\u0131\u015fmaya ba\u015flayan gen\u00e7lerimizin gasbedilen haklar\u0131n\u0131n iadesidir. Sosyal devlet anlay\u0131\u015f\u0131 bunu gerektirir, biz bu anlay\u0131\u015f\u0131n temsilcisiyiz&#8221; dedi.\u00a0<a href=\"https:\/\/www.cumhuriyet.com.tr\/siyaset\/chp-li-arslan-dan-staj-ve-ciraklik-magdurlari-icin-kanun-teklifi-2448358\" target=\"_blank\" class=\"feedzy-rss-link-icon\">Read More<\/a><\/p>","protected":false},"excerpt":{"rendered":"<p>CHP Eski\u015fehir Milletvekili \u0130brahim Arslan, staj ve \u00e7\u0131rakl\u0131k ma\u011fdurlar\u0131n\u0131n sigorta ba\u015flang\u0131c\u0131n\u0131n fiilen i\u015fe ba\u015flad\u0131klar\u0131 tarihe \u00e7ekilmesi i\u00e7in kanun teklifi verdi. Arslan, &#8221;Bu kanun teklifi, erken ya\u015fta \u00e7al\u0131\u015fmaya ba\u015flayan gen\u00e7lerimizin gasbedilen haklar\u0131n\u0131n iadesidir. Sosyal devlet anlay\u0131\u015f\u0131 bunu gerektirir, biz bu anlay\u0131\u015f\u0131n temsilcisiyiz&#8221; dedi.CHP Eski\u015fehir Milletvekili \u0130brahim Arslan, staj ve \u00e7\u0131rakl\u0131k ma\u011fdurlar\u0131n\u0131n sigorta ba\u015flang\u0131c\u0131n\u0131n fiilen i\u015fe ba\u015flad\u0131klar\u0131 [&hellip;]<\/p>\n","protected":false},"author":1,"featured_media":9726,"comment_status":"open","ping_status":"open","sticky":false,"template":"","format":"standard","meta":{"footnotes":"","_links_to":"","_links_to_target":""},"categories":[1],"tags":[],"class_list":["post-9725","post","type-post","status-publish","format-standard","has-post-thumbnail","hentry","category-haberler"],"_links":{"self":[{"href":"https:\/\/www.abchukuk.com\/index.php\/wp-json\/wp\/v2\/posts\/9725","targetHints":{"allow":["GET"]}}],"collection":[{"href":"https:\/\/www.abchukuk.com\/index.php\/wp-json\/wp\/v2\/posts"}],"about":[{"href":"https:\/\/www.abchukuk.com\/index.php\/wp-json\/wp\/v2\/types\/post"}],"author":[{"embeddable":true,"href":"https:\/\/www.abchukuk.com\/index.php\/wp-json\/wp\/v2\/users\/1"}],"replies":[{"embeddable":true,"href":"https:\/\/www.abchukuk.com\/index.php\/wp-json\/wp\/v2\/comments?post=9725"}],"version-history":[{"count":0,"href":"https:\/\/www.abchukuk.com\/index.php\/wp-json\/wp\/v2\/posts\/9725\/revisions"}],"wp:featuredmedia":[{"embeddable":true,"href":"https:\/\/www.abchukuk.com\/index.php\/wp-json\/wp\/v2\/media\/9726"}],"wp:attachment":[{"href":"https:\/\/www.abchukuk.com\/index.php\/wp-json\/wp\/v2\/media?parent=9725"}],"wp:term":[{"taxonomy":"category","embeddable":true,"href":"https:\/\/www.abchukuk.com\/index.php\/wp-json\/wp\/v2\/categories?post=9725"},{"taxonomy":"post_tag","embeddable":true,"href":"https:\/\/www.abchukuk.com\/index.php\/wp-json\/wp\/v2\/tags?post=9725"}],"curies":[{"name":"wp","href":"https:\/\/api.w.org\/{rel}","templated":true}]}}