{"id":9722,"date":"2025-10-30T13:48:00","date_gmt":"2025-10-30T13:48:00","guid":{"rendered":"https:\/\/www.abchukuk.com\/index.php\/2025\/10\/30\/son-dakika-adem-soytekin-yeniden-tutuklandi-ekrem-imamoglunun-avukati-mehmet-pehlivan-icin-aciklama-geldi\/"},"modified":"2025-10-30T13:48:00","modified_gmt":"2025-10-30T13:48:00","slug":"son-dakika-adem-soytekin-yeniden-tutuklandi-ekrem-imamoglunun-avukati-mehmet-pehlivan-icin-aciklama-geldi","status":"publish","type":"post","link":"https:\/\/www.abchukuk.com\/index.php\/2025\/10\/30\/son-dakika-adem-soytekin-yeniden-tutuklandi-ekrem-imamoglunun-avukati-mehmet-pehlivan-icin-aciklama-geldi\/","title":{"rendered":"Son Dakika&#8230; Adem Soytekin yeniden tutukland\u0131: Ekrem \u0130mamo\u011flu&#8217;nun avukat\u0131 Mehmet Pehlivan i\u00e7in a\u00e7\u0131klama geldi!"},"content":{"rendered":"<p>\u0130BB\u2019ye y\u00f6nelik \u201cyolsuzluk\u201d soru\u015fturmas\u0131nda etkin pi\u015fmanl\u0131ktan yararlanarak tahliye edilen ve ge\u00e7ti\u011fimiz g\u00fcnlerde yeniden tutuklanan Adem Soytekin ifadesi sonras\u0131 Ekrem \u0130mamo\u011flu\u2019nun avukat\u0131 Mehmet Pehlivan tutuklanm\u0131\u015ft\u0131. Savc\u0131l\u0131k kaynaklar\u0131ndan edinilen bilgiye g\u00f6re; Soytekin\u2019in ifadesinin \u201ceksik\u201d veya \u201ctutars\u0131z\u201d bulunmas\u0131, Pehlivan\u2019\u0131n tutuklulu\u011funu etkilemeyecek.\u0130BB\u2019ye y\u00f6nelik \u201cyolsuzluk\u201d soru\u015fturmas\u0131nda etkin pi\u015fmanl\u0131ktan yararlanarak tahliye edilen ve ge\u00e7ti\u011fimiz g\u00fcnlerde yeniden tutuklanan Adem Soytekin ifadesi sonras\u0131 Ekrem \u0130mamo\u011flu\u2019nun avukat\u0131 Mehmet Pehlivan tutuklanm\u0131\u015ft\u0131. Savc\u0131l\u0131k kaynaklar\u0131ndan edinilen bilgiye g\u00f6re; Soytekin\u2019in ifadesinin \u201ceksik\u201d veya \u201ctutars\u0131z\u201d bulunmas\u0131, Pehlivan\u2019\u0131n tutuklulu\u011funu etkilemeyecek.\u00a0<a href=\"https:\/\/www.cumhuriyet.com.tr\/turkiye\/son-dakika-adem-soytekin-yeniden-tutuklandi-ekrem-imamoglu-nun-avukati-mehmet-pehlivan-icin-aciklama-geldi-2448331\" target=\"_blank\" class=\"feedzy-rss-link-icon\">Read More<\/a><\/p>","protected":false},"excerpt":{"rendered":"<p>\u0130BB\u2019ye y\u00f6nelik \u201cyolsuzluk\u201d soru\u015fturmas\u0131nda etkin pi\u015fmanl\u0131ktan yararlanarak tahliye edilen ve ge\u00e7ti\u011fimiz g\u00fcnlerde yeniden tutuklanan Adem Soytekin ifadesi sonras\u0131 Ekrem \u0130mamo\u011flu\u2019nun avukat\u0131 Mehmet Pehlivan tutuklanm\u0131\u015ft\u0131. Savc\u0131l\u0131k kaynaklar\u0131ndan edinilen bilgiye g\u00f6re; Soytekin\u2019in ifadesinin \u201ceksik\u201d veya \u201ctutars\u0131z\u201d bulunmas\u0131, Pehlivan\u2019\u0131n tutuklulu\u011funu etkilemeyecek.\u0130BB\u2019ye y\u00f6nelik \u201cyolsuzluk\u201d soru\u015fturmas\u0131nda etkin pi\u015fmanl\u0131ktan yararlanarak tahliye edilen ve ge\u00e7ti\u011fimiz g\u00fcnlerde yeniden tutuklanan Adem Soytekin ifadesi sonras\u0131 [&hellip;]<\/p>\n","protected":false},"author":1,"featured_media":9723,"comment_status":"open","ping_status":"open","sticky":false,"template":"","format":"standard","meta":{"footnotes":"","_links_to":"","_links_to_target":""},"categories":[1],"tags":[],"class_list":["post-9722","post","type-post","status-publish","format-standard","has-post-thumbnail","hentry","category-haberler"],"_links":{"self":[{"href":"https:\/\/www.abchukuk.com\/index.php\/wp-json\/wp\/v2\/posts\/9722","targetHints":{"allow":["GET"]}}],"collection":[{"href":"https:\/\/www.abchukuk.com\/index.php\/wp-json\/wp\/v2\/posts"}],"about":[{"href":"https:\/\/www.abchukuk.com\/index.php\/wp-json\/wp\/v2\/types\/post"}],"author":[{"embeddable":true,"href":"https:\/\/www.abchukuk.com\/index.php\/wp-json\/wp\/v2\/users\/1"}],"replies":[{"embeddable":true,"href":"https:\/\/www.abchukuk.com\/index.php\/wp-json\/wp\/v2\/comments?post=9722"}],"version-history":[{"count":0,"href":"https:\/\/www.abchukuk.com\/index.php\/wp-json\/wp\/v2\/posts\/9722\/revisions"}],"wp:featuredmedia":[{"embeddable":true,"href":"https:\/\/www.abchukuk.com\/index.php\/wp-json\/wp\/v2\/media\/9723"}],"wp:attachment":[{"href":"https:\/\/www.abchukuk.com\/index.php\/wp-json\/wp\/v2\/media?parent=9722"}],"wp:term":[{"taxonomy":"category","embeddable":true,"href":"https:\/\/www.abchukuk.com\/index.php\/wp-json\/wp\/v2\/categories?post=9722"},{"taxonomy":"post_tag","embeddable":true,"href":"https:\/\/www.abchukuk.com\/index.php\/wp-json\/wp\/v2\/tags?post=9722"}],"curies":[{"name":"wp","href":"https:\/\/api.w.org\/{rel}","templated":true}]}}