{"id":9720,"date":"2025-10-30T11:53:00","date_gmt":"2025-10-30T11:53:00","guid":{"rendered":"https:\/\/www.abchukuk.com\/index.php\/2025\/10\/30\/cumhurbaskanina-hakaret-suclamasiyla-yargilanan-avukat-burak-saldiroglu-ikinci-durusmada-beraat-etti\/"},"modified":"2025-10-30T11:53:00","modified_gmt":"2025-10-30T11:53:00","slug":"cumhurbaskanina-hakaret-suclamasiyla-yargilanan-avukat-burak-saldiroglu-ikinci-durusmada-beraat-etti","status":"publish","type":"post","link":"https:\/\/www.abchukuk.com\/index.php\/2025\/10\/30\/cumhurbaskanina-hakaret-suclamasiyla-yargilanan-avukat-burak-saldiroglu-ikinci-durusmada-beraat-etti\/","title":{"rendered":"&#8216;Cumhurba\u015fkan\u0131na hakaret&#8217; su\u00e7lamas\u0131yla yarg\u0131lanan avukat Burak Sald\u0131ro\u011flu ikinci duru\u015fmada beraat etti"},"content":{"rendered":"<p>Sosyal medya payla\u015f\u0131mlar\u0131 nedeniyle \u201cCumhurba\u015fkan\u0131na hakaret\u201d su\u00e7undan yarg\u0131lanan avukat Burak Sald\u0131ro\u011flu, ikinci duru\u015fmas\u0131nda beraat etti.Sosyal medya payla\u015f\u0131mlar\u0131 nedeniyle \u201cCumhurba\u015fkan\u0131na hakaret\u201d su\u00e7undan yarg\u0131lanan avukat Burak Sald\u0131ro\u011flu, ikinci duru\u015fmas\u0131nda beraat etti.\u00a0<a href=\"https:\/\/www.cumhuriyet.com.tr\/turkiye\/cumhurbaskanina-hakaret-suclamasiyla-yargilanan-avukat-burak-saldiroglu-ikinci-durusmada-beraat-etti-2448286\" target=\"_blank\" class=\"feedzy-rss-link-icon\">Read More<\/a><\/p>","protected":false},"excerpt":{"rendered":"<p>Sosyal medya payla\u015f\u0131mlar\u0131 nedeniyle \u201cCumhurba\u015fkan\u0131na hakaret\u201d su\u00e7undan yarg\u0131lanan avukat Burak Sald\u0131ro\u011flu, ikinci duru\u015fmas\u0131nda beraat etti.Sosyal medya payla\u015f\u0131mlar\u0131 nedeniyle \u201cCumhurba\u015fkan\u0131na hakaret\u201d su\u00e7undan yarg\u0131lanan avukat Burak Sald\u0131ro\u011flu, ikinci duru\u015fmas\u0131nda beraat etti.\u00a0Read More<\/p>\n","protected":false},"author":1,"featured_media":9721,"comment_status":"open","ping_status":"open","sticky":false,"template":"","format":"standard","meta":{"footnotes":"","_links_to":"","_links_to_target":""},"categories":[1],"tags":[],"class_list":["post-9720","post","type-post","status-publish","format-standard","has-post-thumbnail","hentry","category-haberler"],"_links":{"self":[{"href":"https:\/\/www.abchukuk.com\/index.php\/wp-json\/wp\/v2\/posts\/9720","targetHints":{"allow":["GET"]}}],"collection":[{"href":"https:\/\/www.abchukuk.com\/index.php\/wp-json\/wp\/v2\/posts"}],"about":[{"href":"https:\/\/www.abchukuk.com\/index.php\/wp-json\/wp\/v2\/types\/post"}],"author":[{"embeddable":true,"href":"https:\/\/www.abchukuk.com\/index.php\/wp-json\/wp\/v2\/users\/1"}],"replies":[{"embeddable":true,"href":"https:\/\/www.abchukuk.com\/index.php\/wp-json\/wp\/v2\/comments?post=9720"}],"version-history":[{"count":0,"href":"https:\/\/www.abchukuk.com\/index.php\/wp-json\/wp\/v2\/posts\/9720\/revisions"}],"wp:featuredmedia":[{"embeddable":true,"href":"https:\/\/www.abchukuk.com\/index.php\/wp-json\/wp\/v2\/media\/9721"}],"wp:attachment":[{"href":"https:\/\/www.abchukuk.com\/index.php\/wp-json\/wp\/v2\/media?parent=9720"}],"wp:term":[{"taxonomy":"category","embeddable":true,"href":"https:\/\/www.abchukuk.com\/index.php\/wp-json\/wp\/v2\/categories?post=9720"},{"taxonomy":"post_tag","embeddable":true,"href":"https:\/\/www.abchukuk.com\/index.php\/wp-json\/wp\/v2\/tags?post=9720"}],"curies":[{"name":"wp","href":"https:\/\/api.w.org\/{rel}","templated":true}]}}