{"id":9717,"date":"2025-10-30T12:36:00","date_gmt":"2025-10-30T12:36:00","guid":{"rendered":"https:\/\/www.abchukuk.com\/index.php\/2025\/10\/30\/kartalkaya-faciasi-davasi-sanik-avukati-benim-muvekkilim-gerizekali\/"},"modified":"2025-10-30T12:36:00","modified_gmt":"2025-10-30T12:36:00","slug":"kartalkaya-faciasi-davasi-sanik-avukati-benim-muvekkilim-gerizekali","status":"publish","type":"post","link":"https:\/\/www.abchukuk.com\/index.php\/2025\/10\/30\/kartalkaya-faciasi-davasi-sanik-avukati-benim-muvekkilim-gerizekali\/","title":{"rendered":"Kartalkaya facias\u0131 davas\u0131&#8230; San\u0131k avukat\u0131: Benim m\u00fcvekkilim gerizekal\u0131"},"content":{"rendered":"<p>Bolu Kartalkaya\u2019da bulunan Grand Kartal Otel\u2019de 78 ki\u015finin hayat\u0131n\u0131 kaybetti\u011fi yang\u0131nda san\u0131k Kadir \u00d6zdemir\u2019in avukat\u0131 Serb\u00fclent Baykan duru\u015fmada &#8221;M\u00fcvekkilim i\u00e7in beraat talebim ve tahliye talebim yoktur. Bu bir katliamd\u0131r. Bolu davas\u0131nda kast, taksir vs. tart\u0131\u015f\u0131lmaz. Bunlar bizim \u00f6n\u00fcm\u00fcze at\u0131lm\u0131\u015f yemdir. &#8216;Kasten adam \u00f6ld\u00fcrmedir&#8217; tart\u0131\u015fmas\u0131z. Benim m\u00fcvekkilim gerizekal\u0131&#8221; ifadelerini kulland\u0131.Bolu Kartalkaya\u2019da bulunan Grand Kartal Otel\u2019de 78 ki\u015finin hayat\u0131n\u0131 kaybetti\u011fi yang\u0131nda san\u0131k Kadir \u00d6zdemir\u2019in avukat\u0131 Serb\u00fclent Baykan duru\u015fmada &#8221;M\u00fcvekkilim i\u00e7in beraat talebim ve tahliye talebim yoktur. Bu bir katliamd\u0131r. Bolu davas\u0131nda kast, taksir vs. tart\u0131\u015f\u0131lmaz. Bunlar bizim \u00f6n\u00fcm\u00fcze at\u0131lm\u0131\u015f yemdir. &#8216;Kasten adam \u00f6ld\u00fcrmedir&#8217; tart\u0131\u015fmas\u0131z. Benim m\u00fcvekkilim gerizekal\u0131&#8221; ifadelerini kulland\u0131.\u00a0<a href=\"https:\/\/www.cumhuriyet.com.tr\/turkiye\/kartalkaya-faciasi-davasi-sanik-avukati-benim-muvekkilim-gerizekali-2448301\" target=\"_blank\" class=\"feedzy-rss-link-icon\">Read More<\/a><\/p>","protected":false},"excerpt":{"rendered":"<p>Bolu Kartalkaya\u2019da bulunan Grand Kartal Otel\u2019de 78 ki\u015finin hayat\u0131n\u0131 kaybetti\u011fi yang\u0131nda san\u0131k Kadir \u00d6zdemir\u2019in avukat\u0131 Serb\u00fclent Baykan duru\u015fmada &#8221;M\u00fcvekkilim i\u00e7in beraat talebim ve tahliye talebim yoktur. Bu bir katliamd\u0131r. Bolu davas\u0131nda kast, taksir vs. tart\u0131\u015f\u0131lmaz. Bunlar bizim \u00f6n\u00fcm\u00fcze at\u0131lm\u0131\u015f yemdir. &#8216;Kasten adam \u00f6ld\u00fcrmedir&#8217; tart\u0131\u015fmas\u0131z. Benim m\u00fcvekkilim gerizekal\u0131&#8221; ifadelerini kulland\u0131.Bolu Kartalkaya\u2019da bulunan Grand Kartal Otel\u2019de 78 [&hellip;]<\/p>\n","protected":false},"author":1,"featured_media":9718,"comment_status":"open","ping_status":"open","sticky":false,"template":"","format":"standard","meta":{"footnotes":"","_links_to":"","_links_to_target":""},"categories":[1],"tags":[],"class_list":["post-9717","post","type-post","status-publish","format-standard","has-post-thumbnail","hentry","category-haberler"],"_links":{"self":[{"href":"https:\/\/www.abchukuk.com\/index.php\/wp-json\/wp\/v2\/posts\/9717","targetHints":{"allow":["GET"]}}],"collection":[{"href":"https:\/\/www.abchukuk.com\/index.php\/wp-json\/wp\/v2\/posts"}],"about":[{"href":"https:\/\/www.abchukuk.com\/index.php\/wp-json\/wp\/v2\/types\/post"}],"author":[{"embeddable":true,"href":"https:\/\/www.abchukuk.com\/index.php\/wp-json\/wp\/v2\/users\/1"}],"replies":[{"embeddable":true,"href":"https:\/\/www.abchukuk.com\/index.php\/wp-json\/wp\/v2\/comments?post=9717"}],"version-history":[{"count":0,"href":"https:\/\/www.abchukuk.com\/index.php\/wp-json\/wp\/v2\/posts\/9717\/revisions"}],"wp:featuredmedia":[{"embeddable":true,"href":"https:\/\/www.abchukuk.com\/index.php\/wp-json\/wp\/v2\/media\/9718"}],"wp:attachment":[{"href":"https:\/\/www.abchukuk.com\/index.php\/wp-json\/wp\/v2\/media?parent=9717"}],"wp:term":[{"taxonomy":"category","embeddable":true,"href":"https:\/\/www.abchukuk.com\/index.php\/wp-json\/wp\/v2\/categories?post=9717"},{"taxonomy":"post_tag","embeddable":true,"href":"https:\/\/www.abchukuk.com\/index.php\/wp-json\/wp\/v2\/tags?post=9717"}],"curies":[{"name":"wp","href":"https:\/\/api.w.org\/{rel}","templated":true}]}}