{"id":9713,"date":"2025-10-30T10:58:00","date_gmt":"2025-10-30T10:58:00","guid":{"rendered":"https:\/\/www.abchukuk.com\/index.php\/2025\/10\/30\/pelicot-davasi-sonrasi-fransada-yasa-degisti-cinsel-suclara-riza-tanimi-getirildi\/"},"modified":"2025-10-30T10:58:00","modified_gmt":"2025-10-30T10:58:00","slug":"pelicot-davasi-sonrasi-fransada-yasa-degisti-cinsel-suclara-riza-tanimi-getirildi","status":"publish","type":"post","link":"https:\/\/www.abchukuk.com\/index.php\/2025\/10\/30\/pelicot-davasi-sonrasi-fransada-yasa-degisti-cinsel-suclara-riza-tanimi-getirildi\/","title":{"rendered":"Pelicot davas\u0131 sonras\u0131 Fransa&#8217;da yasa de\u011fi\u015fti: Cinsel su\u00e7lara &#8216;r\u0131za&#8217; tan\u0131m\u0131 getirildi"},"content":{"rendered":"<p>Fransa Parlamentosu, ge\u00e7en y\u0131l \u00fclkeyi sarsan Gisele Pelicot davas\u0131n\u0131n ard\u0131ndan &#8216;r\u0131za&#8217; kavram\u0131n\u0131 ceza yasas\u0131ndaki &#8216;tecav\u00fcz&#8217; tan\u0131m\u0131na dahil etti. Yeni d\u00fczenlemeyle, cinsel sald\u0131r\u0131 &#8216;r\u0131za d\u0131\u015f\u0131 her t\u00fcrl\u00fc eylem&#8217; olarak tan\u0131mlanacak ve ma\u011fdurun sessiz olmas\u0131 r\u0131za say\u0131lmayacak.Fransa Parlamentosu, ge\u00e7en y\u0131l \u00fclkeyi sarsan Gisele Pelicot davas\u0131n\u0131n ard\u0131ndan &#8216;r\u0131za&#8217; kavram\u0131n\u0131 ceza yasas\u0131ndaki &#8216;tecav\u00fcz&#8217; tan\u0131m\u0131na dahil etti. Yeni d\u00fczenlemeyle, cinsel sald\u0131r\u0131 &#8216;r\u0131za d\u0131\u015f\u0131 her t\u00fcrl\u00fc eylem&#8217; olarak tan\u0131mlanacak ve ma\u011fdurun sessiz olmas\u0131 r\u0131za say\u0131lmayacak.\u00a0<a href=\"https:\/\/anlatilaninotesi.com.tr\/20251030\/pelicot-davasi-sonrasi-fransada-tarihi-duzenleme-cinsel-suclara-riza-tanimi-getirildi-1100617093.html\" target=\"_blank\" class=\"feedzy-rss-link-icon\">Read More<\/a><\/p>","protected":false},"excerpt":{"rendered":"<p>Fransa Parlamentosu, ge\u00e7en y\u0131l \u00fclkeyi sarsan Gisele Pelicot davas\u0131n\u0131n ard\u0131ndan &#8216;r\u0131za&#8217; kavram\u0131n\u0131 ceza yasas\u0131ndaki &#8216;tecav\u00fcz&#8217; tan\u0131m\u0131na dahil etti. Yeni d\u00fczenlemeyle, cinsel sald\u0131r\u0131 &#8216;r\u0131za d\u0131\u015f\u0131 her t\u00fcrl\u00fc eylem&#8217; olarak tan\u0131mlanacak ve ma\u011fdurun sessiz olmas\u0131 r\u0131za say\u0131lmayacak.Fransa Parlamentosu, ge\u00e7en y\u0131l \u00fclkeyi sarsan Gisele Pelicot davas\u0131n\u0131n ard\u0131ndan &#8216;r\u0131za&#8217; kavram\u0131n\u0131 ceza yasas\u0131ndaki &#8216;tecav\u00fcz&#8217; tan\u0131m\u0131na dahil etti. Yeni d\u00fczenlemeyle, cinsel [&hellip;]<\/p>\n","protected":false},"author":1,"featured_media":0,"comment_status":"open","ping_status":"open","sticky":false,"template":"","format":"standard","meta":{"footnotes":"","_links_to":"","_links_to_target":""},"categories":[1],"tags":[],"class_list":["post-9713","post","type-post","status-publish","format-standard","hentry","category-haberler"],"_links":{"self":[{"href":"https:\/\/www.abchukuk.com\/index.php\/wp-json\/wp\/v2\/posts\/9713","targetHints":{"allow":["GET"]}}],"collection":[{"href":"https:\/\/www.abchukuk.com\/index.php\/wp-json\/wp\/v2\/posts"}],"about":[{"href":"https:\/\/www.abchukuk.com\/index.php\/wp-json\/wp\/v2\/types\/post"}],"author":[{"embeddable":true,"href":"https:\/\/www.abchukuk.com\/index.php\/wp-json\/wp\/v2\/users\/1"}],"replies":[{"embeddable":true,"href":"https:\/\/www.abchukuk.com\/index.php\/wp-json\/wp\/v2\/comments?post=9713"}],"version-history":[{"count":0,"href":"https:\/\/www.abchukuk.com\/index.php\/wp-json\/wp\/v2\/posts\/9713\/revisions"}],"wp:attachment":[{"href":"https:\/\/www.abchukuk.com\/index.php\/wp-json\/wp\/v2\/media?parent=9713"}],"wp:term":[{"taxonomy":"category","embeddable":true,"href":"https:\/\/www.abchukuk.com\/index.php\/wp-json\/wp\/v2\/categories?post=9713"},{"taxonomy":"post_tag","embeddable":true,"href":"https:\/\/www.abchukuk.com\/index.php\/wp-json\/wp\/v2\/tags?post=9713"}],"curies":[{"name":"wp","href":"https:\/\/api.w.org\/{rel}","templated":true}]}}