{"id":9707,"date":"2025-10-30T11:44:00","date_gmt":"2025-10-30T11:44:00","guid":{"rendered":"https:\/\/www.abchukuk.com\/index.php\/2025\/10\/30\/odullu-keman-sanatcisi-lacinin-olumune-neden-olan-surucuye-4-yil-5-ay-hapis-cezasi\/"},"modified":"2025-10-30T11:44:00","modified_gmt":"2025-10-30T11:44:00","slug":"odullu-keman-sanatcisi-lacinin-olumune-neden-olan-surucuye-4-yil-5-ay-hapis-cezasi","status":"publish","type":"post","link":"https:\/\/www.abchukuk.com\/index.php\/2025\/10\/30\/odullu-keman-sanatcisi-lacinin-olumune-neden-olan-surucuye-4-yil-5-ay-hapis-cezasi\/","title":{"rendered":"\u00d6d\u00fcll\u00fc keman sanat\u00e7\u0131s\u0131 La\u00e7in&#8217;in \u00f6l\u00fcm\u00fcne neden olan s\u00fcr\u00fcc\u00fcye 4 y\u0131l 5 ay hapis cezas\u0131"},"content":{"rendered":"<p>Mersin\u2019de otomobiliyle \u00f6d\u00fcll\u00fc keman sanat\u00e7\u0131s\u0131 La\u00e7in Akyol&#8217;a (18) \u00e7arp\u0131p \u00f6l\u00fcm\u00fcne neden olan tutuklu san\u0131k \u0130brahim Halil \u00c7abalar (27), 4 y\u0131l 5 ay hapis cezas\u0131na \u00e7arpt\u0131r\u0131ld\u0131.Mersin\u2019de otomobiliyle \u00f6d\u00fcll\u00fc keman sanat\u00e7\u0131s\u0131 La\u00e7in Akyol&#8217;a (18) \u00e7arp\u0131p \u00f6l\u00fcm\u00fcne neden olan tutuklu san\u0131k \u0130brahim Halil \u00c7abalar (27), 4 y\u0131l 5 ay hapis cezas\u0131na \u00e7arpt\u0131r\u0131ld\u0131.\u00a0<a href=\"https:\/\/www.cumhuriyet.com.tr\/turkiye\/odullu-keman-sanatcisi-lacin-in-olumune-neden-olan-surucuye-4-yil-5-ay-hapis-cezasi-2448283\" target=\"_blank\" class=\"feedzy-rss-link-icon\">Read More<\/a><\/p>","protected":false},"excerpt":{"rendered":"<p>Mersin\u2019de otomobiliyle \u00f6d\u00fcll\u00fc keman sanat\u00e7\u0131s\u0131 La\u00e7in Akyol&#8217;a (18) \u00e7arp\u0131p \u00f6l\u00fcm\u00fcne neden olan tutuklu san\u0131k \u0130brahim Halil \u00c7abalar (27), 4 y\u0131l 5 ay hapis cezas\u0131na \u00e7arpt\u0131r\u0131ld\u0131.Mersin\u2019de otomobiliyle \u00f6d\u00fcll\u00fc keman sanat\u00e7\u0131s\u0131 La\u00e7in Akyol&#8217;a (18) \u00e7arp\u0131p \u00f6l\u00fcm\u00fcne neden olan tutuklu san\u0131k \u0130brahim Halil \u00c7abalar (27), 4 y\u0131l 5 ay hapis cezas\u0131na \u00e7arpt\u0131r\u0131ld\u0131.\u00a0Read More<\/p>\n","protected":false},"author":1,"featured_media":9708,"comment_status":"open","ping_status":"open","sticky":false,"template":"","format":"standard","meta":{"footnotes":"","_links_to":"","_links_to_target":""},"categories":[1],"tags":[],"class_list":["post-9707","post","type-post","status-publish","format-standard","has-post-thumbnail","hentry","category-haberler"],"_links":{"self":[{"href":"https:\/\/www.abchukuk.com\/index.php\/wp-json\/wp\/v2\/posts\/9707","targetHints":{"allow":["GET"]}}],"collection":[{"href":"https:\/\/www.abchukuk.com\/index.php\/wp-json\/wp\/v2\/posts"}],"about":[{"href":"https:\/\/www.abchukuk.com\/index.php\/wp-json\/wp\/v2\/types\/post"}],"author":[{"embeddable":true,"href":"https:\/\/www.abchukuk.com\/index.php\/wp-json\/wp\/v2\/users\/1"}],"replies":[{"embeddable":true,"href":"https:\/\/www.abchukuk.com\/index.php\/wp-json\/wp\/v2\/comments?post=9707"}],"version-history":[{"count":0,"href":"https:\/\/www.abchukuk.com\/index.php\/wp-json\/wp\/v2\/posts\/9707\/revisions"}],"wp:featuredmedia":[{"embeddable":true,"href":"https:\/\/www.abchukuk.com\/index.php\/wp-json\/wp\/v2\/media\/9708"}],"wp:attachment":[{"href":"https:\/\/www.abchukuk.com\/index.php\/wp-json\/wp\/v2\/media?parent=9707"}],"wp:term":[{"taxonomy":"category","embeddable":true,"href":"https:\/\/www.abchukuk.com\/index.php\/wp-json\/wp\/v2\/categories?post=9707"},{"taxonomy":"post_tag","embeddable":true,"href":"https:\/\/www.abchukuk.com\/index.php\/wp-json\/wp\/v2\/tags?post=9707"}],"curies":[{"name":"wp","href":"https:\/\/api.w.org\/{rel}","templated":true}]}}