{"id":9702,"date":"2025-10-30T10:15:00","date_gmt":"2025-10-30T10:15:00","guid":{"rendered":"https:\/\/www.abchukuk.com\/index.php\/2025\/10\/30\/son-dakika-ibbye-yonelik-yolsuzluk-sorusturmasinda-yeni-gelisme-iddianame-icin-tarih-verildi\/"},"modified":"2025-10-30T10:15:00","modified_gmt":"2025-10-30T10:15:00","slug":"son-dakika-ibbye-yonelik-yolsuzluk-sorusturmasinda-yeni-gelisme-iddianame-icin-tarih-verildi","status":"publish","type":"post","link":"https:\/\/www.abchukuk.com\/index.php\/2025\/10\/30\/son-dakika-ibbye-yonelik-yolsuzluk-sorusturmasinda-yeni-gelisme-iddianame-icin-tarih-verildi\/","title":{"rendered":"Son Dakika&#8230; \u0130BB&#8217;ye y\u00f6nelik &#8216;yolsuzluk&#8217; soru\u015fturmas\u0131nda yeni geli\u015fme: \u0130ddianame i\u00e7in tarih verildi"},"content":{"rendered":"<p>Son Dakika haberi&#8230; \u0130stanbul B\u00fcy\u00fck\u015fehir Belediyesi\u2019ne (\u0130BB) y\u00f6nelik y\u00fcr\u00fct\u00fclen \u201cyolsuzluk\u201d soru\u015fturmas\u0131nda t\u00fcm \u015f\u00fcphelilerin ifadeleri al\u0131nd\u0131. Savc\u0131l\u0131k kaynaklar\u0131ndan edinilen bilgiye g\u00f6re; iddianamenin Kas\u0131m ay\u0131n\u0131n ilk haftas\u0131nda kamuoyu ile payla\u015f\u0131lmas\u0131 bekleniyor.Son Dakika haberi&#8230; \u0130stanbul B\u00fcy\u00fck\u015fehir Belediyesi\u2019ne (\u0130BB) y\u00f6nelik y\u00fcr\u00fct\u00fclen \u201cyolsuzluk\u201d soru\u015fturmas\u0131nda t\u00fcm \u015f\u00fcphelilerin ifadeleri al\u0131nd\u0131. Savc\u0131l\u0131k kaynaklar\u0131ndan edinilen bilgiye g\u00f6re; iddianamenin Kas\u0131m ay\u0131n\u0131n ilk haftas\u0131nda kamuoyu ile payla\u015f\u0131lmas\u0131 bekleniyor.\u00a0<a href=\"https:\/\/www.cumhuriyet.com.tr\/turkiye\/son-dakika-ibb-ye-yonelik-yolsuzluk-sorusturmasinda-yeni-gelisme-iddianame-icin-tarih-verildi-2448257\" target=\"_blank\" class=\"feedzy-rss-link-icon\">Read More<\/a><\/p>","protected":false},"excerpt":{"rendered":"<p>Son Dakika haberi&#8230; \u0130stanbul B\u00fcy\u00fck\u015fehir Belediyesi\u2019ne (\u0130BB) y\u00f6nelik y\u00fcr\u00fct\u00fclen \u201cyolsuzluk\u201d soru\u015fturmas\u0131nda t\u00fcm \u015f\u00fcphelilerin ifadeleri al\u0131nd\u0131. Savc\u0131l\u0131k kaynaklar\u0131ndan edinilen bilgiye g\u00f6re; iddianamenin Kas\u0131m ay\u0131n\u0131n ilk haftas\u0131nda kamuoyu ile payla\u015f\u0131lmas\u0131 bekleniyor.Son Dakika haberi&#8230; \u0130stanbul B\u00fcy\u00fck\u015fehir Belediyesi\u2019ne (\u0130BB) y\u00f6nelik y\u00fcr\u00fct\u00fclen \u201cyolsuzluk\u201d soru\u015fturmas\u0131nda t\u00fcm \u015f\u00fcphelilerin ifadeleri al\u0131nd\u0131. Savc\u0131l\u0131k kaynaklar\u0131ndan edinilen bilgiye g\u00f6re; iddianamenin Kas\u0131m ay\u0131n\u0131n ilk haftas\u0131nda kamuoyu ile [&hellip;]<\/p>\n","protected":false},"author":1,"featured_media":9703,"comment_status":"open","ping_status":"open","sticky":false,"template":"","format":"standard","meta":{"footnotes":"","_links_to":"","_links_to_target":""},"categories":[1],"tags":[],"class_list":["post-9702","post","type-post","status-publish","format-standard","has-post-thumbnail","hentry","category-haberler"],"_links":{"self":[{"href":"https:\/\/www.abchukuk.com\/index.php\/wp-json\/wp\/v2\/posts\/9702","targetHints":{"allow":["GET"]}}],"collection":[{"href":"https:\/\/www.abchukuk.com\/index.php\/wp-json\/wp\/v2\/posts"}],"about":[{"href":"https:\/\/www.abchukuk.com\/index.php\/wp-json\/wp\/v2\/types\/post"}],"author":[{"embeddable":true,"href":"https:\/\/www.abchukuk.com\/index.php\/wp-json\/wp\/v2\/users\/1"}],"replies":[{"embeddable":true,"href":"https:\/\/www.abchukuk.com\/index.php\/wp-json\/wp\/v2\/comments?post=9702"}],"version-history":[{"count":0,"href":"https:\/\/www.abchukuk.com\/index.php\/wp-json\/wp\/v2\/posts\/9702\/revisions"}],"wp:featuredmedia":[{"embeddable":true,"href":"https:\/\/www.abchukuk.com\/index.php\/wp-json\/wp\/v2\/media\/9703"}],"wp:attachment":[{"href":"https:\/\/www.abchukuk.com\/index.php\/wp-json\/wp\/v2\/media?parent=9702"}],"wp:term":[{"taxonomy":"category","embeddable":true,"href":"https:\/\/www.abchukuk.com\/index.php\/wp-json\/wp\/v2\/categories?post=9702"},{"taxonomy":"post_tag","embeddable":true,"href":"https:\/\/www.abchukuk.com\/index.php\/wp-json\/wp\/v2\/tags?post=9702"}],"curies":[{"name":"wp","href":"https:\/\/api.w.org\/{rel}","templated":true}]}}