{"id":9694,"date":"2025-10-30T08:16:00","date_gmt":"2025-10-30T08:16:00","guid":{"rendered":"https:\/\/www.abchukuk.com\/index.php\/2025\/10\/30\/tutuklanan-adem-soytekinin-eski-avukatindan-aciklama-asilsiz-iddia-uzerine-mehmet-pehlivan-hala-hucrede-tutuluyor\/"},"modified":"2025-10-30T08:16:00","modified_gmt":"2025-10-30T08:16:00","slug":"tutuklanan-adem-soytekinin-eski-avukatindan-aciklama-asilsiz-iddia-uzerine-mehmet-pehlivan-hala-hucrede-tutuluyor","status":"publish","type":"post","link":"https:\/\/www.abchukuk.com\/index.php\/2025\/10\/30\/tutuklanan-adem-soytekinin-eski-avukatindan-aciklama-asilsiz-iddia-uzerine-mehmet-pehlivan-hala-hucrede-tutuluyor\/","title":{"rendered":"Tutuklanan Adem Soytekin&#8217;in eski avukat\u0131ndan a\u00e7\u0131klama: &#8216;As\u0131ls\u0131z iddia \u00fczerine Mehmet Pehlivan hala h\u00fccrede tutuluyor&#8217;"},"content":{"rendered":"<p>\u0130BB\u2019ye y\u00f6nelik \u201cyolsuzluk\u201d soru\u015fturmas\u0131nda etkin pi\u015fmanl\u0131ktan yararlanarak tahliye edilen ASOY \u0130n\u015faat\u2019\u0131n sahibi Adem Soytekin yeniden tutukland\u0131. Soytekin&#8217;in eski avukat\u0131 Onur B\u00fcy\u00fckhatipo\u011flu yapt\u0131\u011f\u0131 yaz\u0131l\u0131 a\u00e7\u0131klamada, Mehmet Pehlivan&#8217;a dikkat \u00e7ekti.\u0130BB\u2019ye y\u00f6nelik \u201cyolsuzluk\u201d soru\u015fturmas\u0131nda etkin pi\u015fmanl\u0131ktan yararlanarak tahliye edilen ASOY \u0130n\u015faat\u2019\u0131n sahibi Adem Soytekin yeniden tutukland\u0131. Soytekin&#8217;in eski avukat\u0131 Onur B\u00fcy\u00fckhatipo\u011flu yapt\u0131\u011f\u0131 yaz\u0131l\u0131 a\u00e7\u0131klamada, Mehmet Pehlivan&#8217;a dikkat \u00e7ekti.\u00a0<a href=\"https:\/\/www.cumhuriyet.com.tr\/turkiye\/tutuklanan-adem-soytekin-in-eski-avukatindan-aciklama-asilsiz-iddia-uzerine-mehmet-pehlivan-hala-hucrede-tutuluyor-2448215\" target=\"_blank\" class=\"feedzy-rss-link-icon\">Read More<\/a><\/p>","protected":false},"excerpt":{"rendered":"<p>\u0130BB\u2019ye y\u00f6nelik \u201cyolsuzluk\u201d soru\u015fturmas\u0131nda etkin pi\u015fmanl\u0131ktan yararlanarak tahliye edilen ASOY \u0130n\u015faat\u2019\u0131n sahibi Adem Soytekin yeniden tutukland\u0131. Soytekin&#8217;in eski avukat\u0131 Onur B\u00fcy\u00fckhatipo\u011flu yapt\u0131\u011f\u0131 yaz\u0131l\u0131 a\u00e7\u0131klamada, Mehmet Pehlivan&#8217;a dikkat \u00e7ekti.\u0130BB\u2019ye y\u00f6nelik \u201cyolsuzluk\u201d soru\u015fturmas\u0131nda etkin pi\u015fmanl\u0131ktan yararlanarak tahliye edilen ASOY \u0130n\u015faat\u2019\u0131n sahibi Adem Soytekin yeniden tutukland\u0131. Soytekin&#8217;in eski avukat\u0131 Onur B\u00fcy\u00fckhatipo\u011flu yapt\u0131\u011f\u0131 yaz\u0131l\u0131 a\u00e7\u0131klamada, Mehmet Pehlivan&#8217;a dikkat \u00e7ekti.\u00a0Read [&hellip;]<\/p>\n","protected":false},"author":1,"featured_media":9695,"comment_status":"open","ping_status":"open","sticky":false,"template":"","format":"standard","meta":{"footnotes":"","_links_to":"","_links_to_target":""},"categories":[1],"tags":[],"class_list":["post-9694","post","type-post","status-publish","format-standard","has-post-thumbnail","hentry","category-haberler"],"_links":{"self":[{"href":"https:\/\/www.abchukuk.com\/index.php\/wp-json\/wp\/v2\/posts\/9694","targetHints":{"allow":["GET"]}}],"collection":[{"href":"https:\/\/www.abchukuk.com\/index.php\/wp-json\/wp\/v2\/posts"}],"about":[{"href":"https:\/\/www.abchukuk.com\/index.php\/wp-json\/wp\/v2\/types\/post"}],"author":[{"embeddable":true,"href":"https:\/\/www.abchukuk.com\/index.php\/wp-json\/wp\/v2\/users\/1"}],"replies":[{"embeddable":true,"href":"https:\/\/www.abchukuk.com\/index.php\/wp-json\/wp\/v2\/comments?post=9694"}],"version-history":[{"count":0,"href":"https:\/\/www.abchukuk.com\/index.php\/wp-json\/wp\/v2\/posts\/9694\/revisions"}],"wp:featuredmedia":[{"embeddable":true,"href":"https:\/\/www.abchukuk.com\/index.php\/wp-json\/wp\/v2\/media\/9695"}],"wp:attachment":[{"href":"https:\/\/www.abchukuk.com\/index.php\/wp-json\/wp\/v2\/media?parent=9694"}],"wp:term":[{"taxonomy":"category","embeddable":true,"href":"https:\/\/www.abchukuk.com\/index.php\/wp-json\/wp\/v2\/categories?post=9694"},{"taxonomy":"post_tag","embeddable":true,"href":"https:\/\/www.abchukuk.com\/index.php\/wp-json\/wp\/v2\/tags?post=9694"}],"curies":[{"name":"wp","href":"https:\/\/api.w.org\/{rel}","templated":true}]}}