{"id":9690,"date":"2025-10-30T08:41:00","date_gmt":"2025-10-30T08:41:00","guid":{"rendered":"https:\/\/www.abchukuk.com\/index.php\/2025\/10\/30\/louvredaki-tarihi-soygunda-5-yeni-gozalti-102-milyon-dolarlik-mucevher-hala-kayip\/"},"modified":"2025-10-30T08:41:00","modified_gmt":"2025-10-30T08:41:00","slug":"louvredaki-tarihi-soygunda-5-yeni-gozalti-102-milyon-dolarlik-mucevher-hala-kayip","status":"publish","type":"post","link":"https:\/\/www.abchukuk.com\/index.php\/2025\/10\/30\/louvredaki-tarihi-soygunda-5-yeni-gozalti-102-milyon-dolarlik-mucevher-hala-kayip\/","title":{"rendered":"Louvre\u2019daki tarihi soygunda 5 yeni g\u00f6zalt\u0131: 102 milyon dolarl\u0131k m\u00fccevher h\u00e2l\u00e2 kay\u0131p"},"content":{"rendered":"<p>Fransa\u2019n\u0131n ba\u015fkenti Paris\u2019teki d\u00fcnyaca \u00fcnl\u00fc Louvre M\u00fczesi\u2019nde ya\u015fanan tarihi soyguna ili\u015fkin soru\u015fturma derinle\u015fiyor. Kraliyet m\u00fccevherlerinin \u00e7al\u0131nd\u0131\u011f\u0131 olaya dair 5 ki\u015fi daha g\u00f6zalt\u0131na al\u0131n\u0131rken, \u00e7al\u0131nan eserlerin h\u00e2l\u00e2 bulunamad\u0131\u011f\u0131 bildirildi.Fransa\u2019n\u0131n ba\u015fkenti Paris\u2019teki d\u00fcnyaca \u00fcnl\u00fc Louvre M\u00fczesi\u2019nde ya\u015fanan tarihi soyguna ili\u015fkin soru\u015fturma derinle\u015fiyor. Kraliyet m\u00fccevherlerinin \u00e7al\u0131nd\u0131\u011f\u0131 olaya dair 5 ki\u015fi daha g\u00f6zalt\u0131na al\u0131n\u0131rken, \u00e7al\u0131nan eserlerin h\u00e2l\u00e2 bulunamad\u0131\u011f\u0131 bildirildi.\u00a0<a href=\"https:\/\/www.dunya.com\/dunya\/louvredaki-tarihi-soygunda-5-yeni-gozalti-102-milyon-dolarlik-mucevher-hala-kayip-haberi-800843\" target=\"_blank\" class=\"feedzy-rss-link-icon\">Read More<\/a><\/p>","protected":false},"excerpt":{"rendered":"<p>Fransa\u2019n\u0131n ba\u015fkenti Paris\u2019teki d\u00fcnyaca \u00fcnl\u00fc Louvre M\u00fczesi\u2019nde ya\u015fanan tarihi soyguna ili\u015fkin soru\u015fturma derinle\u015fiyor. Kraliyet m\u00fccevherlerinin \u00e7al\u0131nd\u0131\u011f\u0131 olaya dair 5 ki\u015fi daha g\u00f6zalt\u0131na al\u0131n\u0131rken, \u00e7al\u0131nan eserlerin h\u00e2l\u00e2 bulunamad\u0131\u011f\u0131 bildirildi.Fransa\u2019n\u0131n ba\u015fkenti Paris\u2019teki d\u00fcnyaca \u00fcnl\u00fc Louvre M\u00fczesi\u2019nde ya\u015fanan tarihi soyguna ili\u015fkin soru\u015fturma derinle\u015fiyor. Kraliyet m\u00fccevherlerinin \u00e7al\u0131nd\u0131\u011f\u0131 olaya dair 5 ki\u015fi daha g\u00f6zalt\u0131na al\u0131n\u0131rken, \u00e7al\u0131nan eserlerin h\u00e2l\u00e2 bulunamad\u0131\u011f\u0131 bildirildi.\u00a0Read [&hellip;]<\/p>\n","protected":false},"author":1,"featured_media":9691,"comment_status":"open","ping_status":"open","sticky":false,"template":"","format":"standard","meta":{"footnotes":"","_links_to":"","_links_to_target":""},"categories":[1],"tags":[],"class_list":["post-9690","post","type-post","status-publish","format-standard","has-post-thumbnail","hentry","category-haberler"],"_links":{"self":[{"href":"https:\/\/www.abchukuk.com\/index.php\/wp-json\/wp\/v2\/posts\/9690","targetHints":{"allow":["GET"]}}],"collection":[{"href":"https:\/\/www.abchukuk.com\/index.php\/wp-json\/wp\/v2\/posts"}],"about":[{"href":"https:\/\/www.abchukuk.com\/index.php\/wp-json\/wp\/v2\/types\/post"}],"author":[{"embeddable":true,"href":"https:\/\/www.abchukuk.com\/index.php\/wp-json\/wp\/v2\/users\/1"}],"replies":[{"embeddable":true,"href":"https:\/\/www.abchukuk.com\/index.php\/wp-json\/wp\/v2\/comments?post=9690"}],"version-history":[{"count":0,"href":"https:\/\/www.abchukuk.com\/index.php\/wp-json\/wp\/v2\/posts\/9690\/revisions"}],"wp:featuredmedia":[{"embeddable":true,"href":"https:\/\/www.abchukuk.com\/index.php\/wp-json\/wp\/v2\/media\/9691"}],"wp:attachment":[{"href":"https:\/\/www.abchukuk.com\/index.php\/wp-json\/wp\/v2\/media?parent=9690"}],"wp:term":[{"taxonomy":"category","embeddable":true,"href":"https:\/\/www.abchukuk.com\/index.php\/wp-json\/wp\/v2\/categories?post=9690"},{"taxonomy":"post_tag","embeddable":true,"href":"https:\/\/www.abchukuk.com\/index.php\/wp-json\/wp\/v2\/tags?post=9690"}],"curies":[{"name":"wp","href":"https:\/\/api.w.org\/{rel}","templated":true}]}}