{"id":9688,"date":"2025-10-30T08:41:00","date_gmt":"2025-10-30T08:41:00","guid":{"rendered":"https:\/\/www.abchukuk.com\/index.php\/2025\/10\/30\/elazig-kadin-platformundan-11-yargi-paketi-protestosu-kazandigimiz-hicbir-hakkin-elimizden-alinmasina-izin-vermeyecegiz\/"},"modified":"2025-10-30T08:41:00","modified_gmt":"2025-10-30T08:41:00","slug":"elazig-kadin-platformundan-11-yargi-paketi-protestosu-kazandigimiz-hicbir-hakkin-elimizden-alinmasina-izin-vermeyecegiz","status":"publish","type":"post","link":"https:\/\/www.abchukuk.com\/index.php\/2025\/10\/30\/elazig-kadin-platformundan-11-yargi-paketi-protestosu-kazandigimiz-hicbir-hakkin-elimizden-alinmasina-izin-vermeyecegiz\/","title":{"rendered":"Elaz\u0131\u011f Kad\u0131n Platformu&#8217;ndan &#8217;11. Yarg\u0131 Paketi&#8217; protestosu: Kazand\u0131\u011f\u0131m\u0131z hi\u00e7bir hakk\u0131n elimizden al\u0131nmas\u0131na izin vermeyece\u011fiz"},"content":{"rendered":"<p>Elaz\u0131\u011f Kad\u0131n Platformu, 11. Yarg\u0131 Paketi\u2019nde yer alaca\u011f\u0131 savunulan d\u00fczenlemeleri protesto etti. Platform S\u00f6zc\u00fcs\u00fc Dilan G\u00fcltekin, &#8220;Kad\u0131nlar\u0131n Aile Y\u0131l\u0131 ile ev i\u00e7inde nas\u0131l \u00e7al\u0131\u015faca\u011f\u0131n\u0131, ka\u00e7 \u00e7ocuk yapaca\u011f\u0131n\u0131 s\u00f6yleyen iktidar, sokakta ne giyece\u011fini, nereye gidece\u011fini, nas\u0131l davranaca\u011f\u0131n\u0131 da bu yarg\u0131 paketi ile belirlemek istiyor. Biz kad\u0131nlar ve lubunyalar buna izin vermeyece\u011fiz&#8221; dedi.Elaz\u0131\u011f Kad\u0131n Platformu, 11. Yarg\u0131 Paketi\u2019nde yer alaca\u011f\u0131 savunulan d\u00fczenlemeleri protesto etti. Platform S\u00f6zc\u00fcs\u00fc Dilan G\u00fcltekin, &#8220;Kad\u0131nlar\u0131n Aile Y\u0131l\u0131 ile ev i\u00e7inde nas\u0131l \u00e7al\u0131\u015faca\u011f\u0131n\u0131, ka\u00e7 \u00e7ocuk yapaca\u011f\u0131n\u0131 s\u00f6yleyen iktidar, sokakta ne giyece\u011fini, nereye gidece\u011fini, nas\u0131l davranaca\u011f\u0131n\u0131 da bu yarg\u0131 paketi ile belirlemek istiyor. Biz kad\u0131nlar ve lubunyalar buna izin vermeyece\u011fiz&#8221; dedi.\u00a0<a href=\"https:\/\/www.cumhuriyet.com.tr\/turkiye\/elazig-kadin-platformu-ndan-11-yargi-paketi-protestosu-kazandigimiz-hicbir-hakkin-elimizden-alinmasina-izin-vermeyecegiz-2448222\" target=\"_blank\" class=\"feedzy-rss-link-icon\">Read More<\/a><\/p>","protected":false},"excerpt":{"rendered":"<p>Elaz\u0131\u011f Kad\u0131n Platformu, 11. Yarg\u0131 Paketi\u2019nde yer alaca\u011f\u0131 savunulan d\u00fczenlemeleri protesto etti. Platform S\u00f6zc\u00fcs\u00fc Dilan G\u00fcltekin, &#8220;Kad\u0131nlar\u0131n Aile Y\u0131l\u0131 ile ev i\u00e7inde nas\u0131l \u00e7al\u0131\u015faca\u011f\u0131n\u0131, ka\u00e7 \u00e7ocuk yapaca\u011f\u0131n\u0131 s\u00f6yleyen iktidar, sokakta ne giyece\u011fini, nereye gidece\u011fini, nas\u0131l davranaca\u011f\u0131n\u0131 da bu yarg\u0131 paketi ile belirlemek istiyor. Biz kad\u0131nlar ve lubunyalar buna izin vermeyece\u011fiz&#8221; dedi.Elaz\u0131\u011f Kad\u0131n Platformu, 11. Yarg\u0131 [&hellip;]<\/p>\n","protected":false},"author":1,"featured_media":9689,"comment_status":"open","ping_status":"open","sticky":false,"template":"","format":"standard","meta":{"footnotes":"","_links_to":"","_links_to_target":""},"categories":[1],"tags":[],"class_list":["post-9688","post","type-post","status-publish","format-standard","has-post-thumbnail","hentry","category-haberler"],"_links":{"self":[{"href":"https:\/\/www.abchukuk.com\/index.php\/wp-json\/wp\/v2\/posts\/9688","targetHints":{"allow":["GET"]}}],"collection":[{"href":"https:\/\/www.abchukuk.com\/index.php\/wp-json\/wp\/v2\/posts"}],"about":[{"href":"https:\/\/www.abchukuk.com\/index.php\/wp-json\/wp\/v2\/types\/post"}],"author":[{"embeddable":true,"href":"https:\/\/www.abchukuk.com\/index.php\/wp-json\/wp\/v2\/users\/1"}],"replies":[{"embeddable":true,"href":"https:\/\/www.abchukuk.com\/index.php\/wp-json\/wp\/v2\/comments?post=9688"}],"version-history":[{"count":0,"href":"https:\/\/www.abchukuk.com\/index.php\/wp-json\/wp\/v2\/posts\/9688\/revisions"}],"wp:featuredmedia":[{"embeddable":true,"href":"https:\/\/www.abchukuk.com\/index.php\/wp-json\/wp\/v2\/media\/9689"}],"wp:attachment":[{"href":"https:\/\/www.abchukuk.com\/index.php\/wp-json\/wp\/v2\/media?parent=9688"}],"wp:term":[{"taxonomy":"category","embeddable":true,"href":"https:\/\/www.abchukuk.com\/index.php\/wp-json\/wp\/v2\/categories?post=9688"},{"taxonomy":"post_tag","embeddable":true,"href":"https:\/\/www.abchukuk.com\/index.php\/wp-json\/wp\/v2\/tags?post=9688"}],"curies":[{"name":"wp","href":"https:\/\/api.w.org\/{rel}","templated":true}]}}