{"id":9684,"date":"2025-10-30T07:14:00","date_gmt":"2025-10-30T07:14:00","guid":{"rendered":"https:\/\/www.abchukuk.com\/index.php\/2025\/10\/30\/son-dakika-istanbul-senin-sorusturmasinda-ibbde-4-gozalti-daha\/"},"modified":"2025-10-30T07:14:00","modified_gmt":"2025-10-30T07:14:00","slug":"son-dakika-istanbul-senin-sorusturmasinda-ibbde-4-gozalti-daha","status":"publish","type":"post","link":"https:\/\/www.abchukuk.com\/index.php\/2025\/10\/30\/son-dakika-istanbul-senin-sorusturmasinda-ibbde-4-gozalti-daha\/","title":{"rendered":"Son Dakika&#8230; &#8216;\u0130stanbul Senin&#8217; soru\u015fturmas\u0131nda \u0130BB\u2019de 4 g\u00f6zalt\u0131 daha"},"content":{"rendered":"<p>Son Dakika haberi&#8230; \u0130stanbul Cumhuriyet Ba\u015fsavc\u0131l\u0131\u011f\u0131, Ekrem \u0130mamo\u011flu\u2019nun kurdu\u011fu \u00f6ne s\u00fcr\u00fclen \u00e7\u0131kar ama\u00e7l\u0131 su\u00e7 \u00f6rg\u00fct\u00fc soru\u015fturmas\u0131nda yeni g\u00f6zalt\u0131 karar\u0131 verdi.Son Dakika haberi&#8230; \u0130stanbul Cumhuriyet Ba\u015fsavc\u0131l\u0131\u011f\u0131, Ekrem \u0130mamo\u011flu\u2019nun kurdu\u011fu \u00f6ne s\u00fcr\u00fclen \u00e7\u0131kar ama\u00e7l\u0131 su\u00e7 \u00f6rg\u00fct\u00fc soru\u015fturmas\u0131nda yeni g\u00f6zalt\u0131 karar\u0131 verdi.\u00a0<a href=\"https:\/\/www.cumhuriyet.com.tr\/turkiye\/son-dakika-istanbul-senin-sorusturmasinda-ibb-de-4-gozalti-daha-2448187\" target=\"_blank\" class=\"feedzy-rss-link-icon\">Read More<\/a><\/p>","protected":false},"excerpt":{"rendered":"<p>Son Dakika haberi&#8230; \u0130stanbul Cumhuriyet Ba\u015fsavc\u0131l\u0131\u011f\u0131, Ekrem \u0130mamo\u011flu\u2019nun kurdu\u011fu \u00f6ne s\u00fcr\u00fclen \u00e7\u0131kar ama\u00e7l\u0131 su\u00e7 \u00f6rg\u00fct\u00fc soru\u015fturmas\u0131nda yeni g\u00f6zalt\u0131 karar\u0131 verdi.Son Dakika haberi&#8230; \u0130stanbul Cumhuriyet Ba\u015fsavc\u0131l\u0131\u011f\u0131, Ekrem \u0130mamo\u011flu\u2019nun kurdu\u011fu \u00f6ne s\u00fcr\u00fclen \u00e7\u0131kar ama\u00e7l\u0131 su\u00e7 \u00f6rg\u00fct\u00fc soru\u015fturmas\u0131nda yeni g\u00f6zalt\u0131 karar\u0131 verdi.\u00a0Read More<\/p>\n","protected":false},"author":1,"featured_media":9685,"comment_status":"open","ping_status":"open","sticky":false,"template":"","format":"standard","meta":{"footnotes":"","_links_to":"","_links_to_target":""},"categories":[1],"tags":[],"class_list":["post-9684","post","type-post","status-publish","format-standard","has-post-thumbnail","hentry","category-haberler"],"_links":{"self":[{"href":"https:\/\/www.abchukuk.com\/index.php\/wp-json\/wp\/v2\/posts\/9684","targetHints":{"allow":["GET"]}}],"collection":[{"href":"https:\/\/www.abchukuk.com\/index.php\/wp-json\/wp\/v2\/posts"}],"about":[{"href":"https:\/\/www.abchukuk.com\/index.php\/wp-json\/wp\/v2\/types\/post"}],"author":[{"embeddable":true,"href":"https:\/\/www.abchukuk.com\/index.php\/wp-json\/wp\/v2\/users\/1"}],"replies":[{"embeddable":true,"href":"https:\/\/www.abchukuk.com\/index.php\/wp-json\/wp\/v2\/comments?post=9684"}],"version-history":[{"count":0,"href":"https:\/\/www.abchukuk.com\/index.php\/wp-json\/wp\/v2\/posts\/9684\/revisions"}],"wp:featuredmedia":[{"embeddable":true,"href":"https:\/\/www.abchukuk.com\/index.php\/wp-json\/wp\/v2\/media\/9685"}],"wp:attachment":[{"href":"https:\/\/www.abchukuk.com\/index.php\/wp-json\/wp\/v2\/media?parent=9684"}],"wp:term":[{"taxonomy":"category","embeddable":true,"href":"https:\/\/www.abchukuk.com\/index.php\/wp-json\/wp\/v2\/categories?post=9684"},{"taxonomy":"post_tag","embeddable":true,"href":"https:\/\/www.abchukuk.com\/index.php\/wp-json\/wp\/v2\/tags?post=9684"}],"curies":[{"name":"wp","href":"https:\/\/api.w.org\/{rel}","templated":true}]}}