{"id":9682,"date":"2025-10-30T07:20:00","date_gmt":"2025-10-30T07:20:00","guid":{"rendered":"https:\/\/www.abchukuk.com\/index.php\/2025\/10\/30\/ulas-yilmaz-kimdir-ibb-sosyal-medya-direktoru-ulas-yilmaz-neden-gozaltina-alindi\/"},"modified":"2025-10-30T07:20:00","modified_gmt":"2025-10-30T07:20:00","slug":"ulas-yilmaz-kimdir-ibb-sosyal-medya-direktoru-ulas-yilmaz-neden-gozaltina-alindi","status":"publish","type":"post","link":"https:\/\/www.abchukuk.com\/index.php\/2025\/10\/30\/ulas-yilmaz-kimdir-ibb-sosyal-medya-direktoru-ulas-yilmaz-neden-gozaltina-alindi\/","title":{"rendered":"Ula\u015f Y\u0131lmaz kimdir? \u0130BB sosyal medya direkt\u00f6r\u00fc Ula\u015f Y\u0131lmaz neden g\u00f6zalt\u0131na al\u0131nd\u0131?"},"content":{"rendered":"<p>\u0130BB\u2019ye y\u00f6nelik \u201cCasusluk\u201d iddias\u0131yla y\u00fcr\u00fct\u00fclen soru\u015fturma kapsam\u0131nda yeni g\u00f6zalt\u0131lar var. \u201cEtkin pi\u015fmanl\u0131ktan\u201d yararlanmak isteyen H\u00fcseyin G\u00fcn\u2019\u00fcn ifadesinde ge\u00e7en \u0130BB sosyal medya direkt\u00f6r\u00fc Ula\u015f Y\u0131lmaz ile birlikte toplamda 4 ismin g\u00f6zalt\u0131na y\u00f6nelik bilgiler var. Peki, Ula\u015f Y\u0131lmaz kimdir?  \u0130BB sosyal medya direkt\u00f6r\u00fc Ula\u015f Y\u0131lmaz neden g\u00f6zalt\u0131na al\u0131nd\u0131?\u0130BB\u2019ye y\u00f6nelik \u201cCasusluk\u201d iddias\u0131yla y\u00fcr\u00fct\u00fclen soru\u015fturma kapsam\u0131nda yeni g\u00f6zalt\u0131lar var. \u201cEtkin pi\u015fmanl\u0131ktan\u201d yararlanmak isteyen H\u00fcseyin G\u00fcn\u2019\u00fcn ifadesinde ge\u00e7en \u0130BB sosyal medya direkt\u00f6r\u00fc Ula\u015f Y\u0131lmaz ile birlikte toplamda 4 ismin g\u00f6zalt\u0131na y\u00f6nelik bilgiler var. Peki, Ula\u015f Y\u0131lmaz kimdir?  \u0130BB sosyal medya direkt\u00f6r\u00fc Ula\u015f Y\u0131lmaz neden g\u00f6zalt\u0131na al\u0131nd\u0131?\u00a0<a href=\"https:\/\/www.cumhuriyet.com.tr\/turkiye\/ulas-yilmaz-kimdir-ibb-sosyal-medya-direktoru-ulas-yilmaz-neden-gozaltina-alindi-2448190\" target=\"_blank\" class=\"feedzy-rss-link-icon\">Read More<\/a><\/p>","protected":false},"excerpt":{"rendered":"<p>\u0130BB\u2019ye y\u00f6nelik \u201cCasusluk\u201d iddias\u0131yla y\u00fcr\u00fct\u00fclen soru\u015fturma kapsam\u0131nda yeni g\u00f6zalt\u0131lar var. \u201cEtkin pi\u015fmanl\u0131ktan\u201d yararlanmak isteyen H\u00fcseyin G\u00fcn\u2019\u00fcn ifadesinde ge\u00e7en \u0130BB sosyal medya direkt\u00f6r\u00fc Ula\u015f Y\u0131lmaz ile birlikte toplamda 4 ismin g\u00f6zalt\u0131na y\u00f6nelik bilgiler var. Peki, Ula\u015f Y\u0131lmaz kimdir? \u0130BB sosyal medya direkt\u00f6r\u00fc Ula\u015f Y\u0131lmaz neden g\u00f6zalt\u0131na al\u0131nd\u0131?\u0130BB\u2019ye y\u00f6nelik \u201cCasusluk\u201d iddias\u0131yla y\u00fcr\u00fct\u00fclen soru\u015fturma kapsam\u0131nda yeni g\u00f6zalt\u0131lar var. [&hellip;]<\/p>\n","protected":false},"author":1,"featured_media":9683,"comment_status":"open","ping_status":"open","sticky":false,"template":"","format":"standard","meta":{"footnotes":"","_links_to":"","_links_to_target":""},"categories":[1],"tags":[],"class_list":["post-9682","post","type-post","status-publish","format-standard","has-post-thumbnail","hentry","category-haberler"],"_links":{"self":[{"href":"https:\/\/www.abchukuk.com\/index.php\/wp-json\/wp\/v2\/posts\/9682","targetHints":{"allow":["GET"]}}],"collection":[{"href":"https:\/\/www.abchukuk.com\/index.php\/wp-json\/wp\/v2\/posts"}],"about":[{"href":"https:\/\/www.abchukuk.com\/index.php\/wp-json\/wp\/v2\/types\/post"}],"author":[{"embeddable":true,"href":"https:\/\/www.abchukuk.com\/index.php\/wp-json\/wp\/v2\/users\/1"}],"replies":[{"embeddable":true,"href":"https:\/\/www.abchukuk.com\/index.php\/wp-json\/wp\/v2\/comments?post=9682"}],"version-history":[{"count":0,"href":"https:\/\/www.abchukuk.com\/index.php\/wp-json\/wp\/v2\/posts\/9682\/revisions"}],"wp:featuredmedia":[{"embeddable":true,"href":"https:\/\/www.abchukuk.com\/index.php\/wp-json\/wp\/v2\/media\/9683"}],"wp:attachment":[{"href":"https:\/\/www.abchukuk.com\/index.php\/wp-json\/wp\/v2\/media?parent=9682"}],"wp:term":[{"taxonomy":"category","embeddable":true,"href":"https:\/\/www.abchukuk.com\/index.php\/wp-json\/wp\/v2\/categories?post=9682"},{"taxonomy":"post_tag","embeddable":true,"href":"https:\/\/www.abchukuk.com\/index.php\/wp-json\/wp\/v2\/tags?post=9682"}],"curies":[{"name":"wp","href":"https:\/\/api.w.org\/{rel}","templated":true}]}}