{"id":9680,"date":"2025-10-30T07:23:00","date_gmt":"2025-10-30T07:23:00","guid":{"rendered":"https:\/\/www.abchukuk.com\/index.php\/2025\/10\/30\/11-yargi-paketi-son-durum-yeni-yargi-paketi-meclise-ne-zaman-gelecek-maddeler-neler\/"},"modified":"2025-10-30T07:23:00","modified_gmt":"2025-10-30T07:23:00","slug":"11-yargi-paketi-son-durum-yeni-yargi-paketi-meclise-ne-zaman-gelecek-maddeler-neler","status":"publish","type":"post","link":"https:\/\/www.abchukuk.com\/index.php\/2025\/10\/30\/11-yargi-paketi-son-durum-yeni-yargi-paketi-meclise-ne-zaman-gelecek-maddeler-neler\/","title":{"rendered":"11. Yarg\u0131 Paketi son durum: Yeni yarg\u0131 paketi Meclis&#8217;e ne zaman gelecek? Maddeler neler?"},"content":{"rendered":"<p>11. Yarg\u0131 Paketi i\u00e7in \u00e7al\u0131\u015fmalar s\u00fcr\u00fcyor. Vatanda\u015flar yeni yarg\u0131 paketinin ayr\u0131nt\u0131lar\u0131na ula\u015fmaya \u00e7al\u0131\u015f\u0131yor. Her g\u00fcn konu ile ilgili bir geli\u015fme olup olmad\u0131\u011f\u0131 kontrol ediliyor. S\u0131k\u00e7a gelen sorular\u0131n ba\u015f\u0131nda &#8220;11. Yarg\u0131 Paketi Meclis&#8217;e ne zaman gelecek&#8221; yer al\u0131yor.11. Yarg\u0131 Paketi i\u00e7in \u00e7al\u0131\u015fmalar s\u00fcr\u00fcyor. Vatanda\u015flar yeni yarg\u0131 paketinin ayr\u0131nt\u0131lar\u0131na ula\u015fmaya \u00e7al\u0131\u015f\u0131yor. Her g\u00fcn konu ile ilgili bir geli\u015fme olup olmad\u0131\u011f\u0131 kontrol ediliyor. S\u0131k\u00e7a gelen sorular\u0131n ba\u015f\u0131nda &#8220;11. Yarg\u0131 Paketi Meclis&#8217;e ne zaman gelecek&#8221; yer al\u0131yor.\u00a0<a href=\"https:\/\/www.dunya.com\/foto-galeri\/gundem\/11-yargi-paketi-son-durum-yeni-yargi-paketi-meclise-ne-zaman-gelecek-maddeler-neler-galeri-800827\" target=\"_blank\" class=\"feedzy-rss-link-icon\">Read More<\/a><\/p>","protected":false},"excerpt":{"rendered":"<p>11. Yarg\u0131 Paketi i\u00e7in \u00e7al\u0131\u015fmalar s\u00fcr\u00fcyor. Vatanda\u015flar yeni yarg\u0131 paketinin ayr\u0131nt\u0131lar\u0131na ula\u015fmaya \u00e7al\u0131\u015f\u0131yor. Her g\u00fcn konu ile ilgili bir geli\u015fme olup olmad\u0131\u011f\u0131 kontrol ediliyor. S\u0131k\u00e7a gelen sorular\u0131n ba\u015f\u0131nda &#8220;11. Yarg\u0131 Paketi Meclis&#8217;e ne zaman gelecek&#8221; yer al\u0131yor.11. Yarg\u0131 Paketi i\u00e7in \u00e7al\u0131\u015fmalar s\u00fcr\u00fcyor. Vatanda\u015flar yeni yarg\u0131 paketinin ayr\u0131nt\u0131lar\u0131na ula\u015fmaya \u00e7al\u0131\u015f\u0131yor. Her g\u00fcn konu ile ilgili bir [&hellip;]<\/p>\n","protected":false},"author":1,"featured_media":9681,"comment_status":"open","ping_status":"open","sticky":false,"template":"","format":"standard","meta":{"footnotes":"","_links_to":"","_links_to_target":""},"categories":[1],"tags":[],"class_list":["post-9680","post","type-post","status-publish","format-standard","has-post-thumbnail","hentry","category-haberler"],"_links":{"self":[{"href":"https:\/\/www.abchukuk.com\/index.php\/wp-json\/wp\/v2\/posts\/9680","targetHints":{"allow":["GET"]}}],"collection":[{"href":"https:\/\/www.abchukuk.com\/index.php\/wp-json\/wp\/v2\/posts"}],"about":[{"href":"https:\/\/www.abchukuk.com\/index.php\/wp-json\/wp\/v2\/types\/post"}],"author":[{"embeddable":true,"href":"https:\/\/www.abchukuk.com\/index.php\/wp-json\/wp\/v2\/users\/1"}],"replies":[{"embeddable":true,"href":"https:\/\/www.abchukuk.com\/index.php\/wp-json\/wp\/v2\/comments?post=9680"}],"version-history":[{"count":0,"href":"https:\/\/www.abchukuk.com\/index.php\/wp-json\/wp\/v2\/posts\/9680\/revisions"}],"wp:featuredmedia":[{"embeddable":true,"href":"https:\/\/www.abchukuk.com\/index.php\/wp-json\/wp\/v2\/media\/9681"}],"wp:attachment":[{"href":"https:\/\/www.abchukuk.com\/index.php\/wp-json\/wp\/v2\/media?parent=9680"}],"wp:term":[{"taxonomy":"category","embeddable":true,"href":"https:\/\/www.abchukuk.com\/index.php\/wp-json\/wp\/v2\/categories?post=9680"},{"taxonomy":"post_tag","embeddable":true,"href":"https:\/\/www.abchukuk.com\/index.php\/wp-json\/wp\/v2\/tags?post=9680"}],"curies":[{"name":"wp","href":"https:\/\/api.w.org\/{rel}","templated":true}]}}