{"id":9667,"date":"2025-10-30T07:59:00","date_gmt":"2025-10-30T07:59:00","guid":{"rendered":"https:\/\/www.abchukuk.com\/index.php\/2025\/10\/30\/huseyin-gunun-akpli-isimlerle-fotografi-mecliste-herkesin-cezaevine-girmesi-lazim\/"},"modified":"2025-10-30T07:59:00","modified_gmt":"2025-10-30T07:59:00","slug":"huseyin-gunun-akpli-isimlerle-fotografi-mecliste-herkesin-cezaevine-girmesi-lazim","status":"publish","type":"post","link":"https:\/\/www.abchukuk.com\/index.php\/2025\/10\/30\/huseyin-gunun-akpli-isimlerle-fotografi-mecliste-herkesin-cezaevine-girmesi-lazim\/","title":{"rendered":"H\u00fcseyin G\u00fcn&#8217;\u00fcn AKP&#8217;li isimlerle foto\u011fraf\u0131 Meclis&#8217;te: &#8216;Herkesin cezaevine girmesi laz\u0131m&#8217;"},"content":{"rendered":"<p>Plan ve B\u00fct\u00e7e Komisyonu, 2026 y\u0131l\u0131 merkezi y\u00f6netim b\u00fct\u00e7e g\u00f6r\u00fc\u015fmelerine ba\u015flad\u0131. Komisyonda g\u00f6r\u00fc\u015fmeler ba\u015flamadan \u00f6nce CHP Grup S\u00f6zc\u00fcs\u00fc Malatya Milletvekili Veli A\u011fbaba, baz\u0131 i\u015f insanlar\u0131 ve AKP&#8217;li isimlerin foto\u011fraflar\u0131n\u0131 g\u00f6stererek, CHP&#8217;nin Cumhurba\u015fkan\u0131 aday\u0131 Ekrem \u0130mamo\u011flu&#8217;na y\u00f6nelik &#8220;casusluk&#8221; soru\u015fturmas\u0131na tepki g\u00f6sterdi.Plan ve B\u00fct\u00e7e Komisyonu, 2026 y\u0131l\u0131 merkezi y\u00f6netim b\u00fct\u00e7e g\u00f6r\u00fc\u015fmelerine ba\u015flad\u0131. Komisyonda g\u00f6r\u00fc\u015fmeler ba\u015flamadan \u00f6nce CHP Grup S\u00f6zc\u00fcs\u00fc Malatya Milletvekili Veli A\u011fbaba, baz\u0131 i\u015f insanlar\u0131 ve AKP&#8217;li isimlerin foto\u011fraflar\u0131n\u0131 g\u00f6stererek, CHP&#8217;nin Cumhurba\u015fkan\u0131 aday\u0131 Ekrem \u0130mamo\u011flu&#8217;na y\u00f6nelik &#8220;casusluk&#8221; soru\u015fturmas\u0131na tepki g\u00f6sterdi.\u00a0<a href=\"https:\/\/www.cumhuriyet.com.tr\/turkiye\/huseyin-gun-un-akp-li-isimlerle-fotografi-meclis-te-herkesin-cezaevine-girmesi-lazim-2448206\" target=\"_blank\" class=\"feedzy-rss-link-icon\">Read More<\/a><\/p>","protected":false},"excerpt":{"rendered":"<p>Plan ve B\u00fct\u00e7e Komisyonu, 2026 y\u0131l\u0131 merkezi y\u00f6netim b\u00fct\u00e7e g\u00f6r\u00fc\u015fmelerine ba\u015flad\u0131. Komisyonda g\u00f6r\u00fc\u015fmeler ba\u015flamadan \u00f6nce CHP Grup S\u00f6zc\u00fcs\u00fc Malatya Milletvekili Veli A\u011fbaba, baz\u0131 i\u015f insanlar\u0131 ve AKP&#8217;li isimlerin foto\u011fraflar\u0131n\u0131 g\u00f6stererek, CHP&#8217;nin Cumhurba\u015fkan\u0131 aday\u0131 Ekrem \u0130mamo\u011flu&#8217;na y\u00f6nelik &#8220;casusluk&#8221; soru\u015fturmas\u0131na tepki g\u00f6sterdi.Plan ve B\u00fct\u00e7e Komisyonu, 2026 y\u0131l\u0131 merkezi y\u00f6netim b\u00fct\u00e7e g\u00f6r\u00fc\u015fmelerine ba\u015flad\u0131. Komisyonda g\u00f6r\u00fc\u015fmeler ba\u015flamadan \u00f6nce CHP [&hellip;]<\/p>\n","protected":false},"author":1,"featured_media":9668,"comment_status":"open","ping_status":"open","sticky":false,"template":"","format":"standard","meta":{"footnotes":"","_links_to":"","_links_to_target":""},"categories":[1],"tags":[],"class_list":["post-9667","post","type-post","status-publish","format-standard","has-post-thumbnail","hentry","category-haberler"],"_links":{"self":[{"href":"https:\/\/www.abchukuk.com\/index.php\/wp-json\/wp\/v2\/posts\/9667","targetHints":{"allow":["GET"]}}],"collection":[{"href":"https:\/\/www.abchukuk.com\/index.php\/wp-json\/wp\/v2\/posts"}],"about":[{"href":"https:\/\/www.abchukuk.com\/index.php\/wp-json\/wp\/v2\/types\/post"}],"author":[{"embeddable":true,"href":"https:\/\/www.abchukuk.com\/index.php\/wp-json\/wp\/v2\/users\/1"}],"replies":[{"embeddable":true,"href":"https:\/\/www.abchukuk.com\/index.php\/wp-json\/wp\/v2\/comments?post=9667"}],"version-history":[{"count":0,"href":"https:\/\/www.abchukuk.com\/index.php\/wp-json\/wp\/v2\/posts\/9667\/revisions"}],"wp:featuredmedia":[{"embeddable":true,"href":"https:\/\/www.abchukuk.com\/index.php\/wp-json\/wp\/v2\/media\/9668"}],"wp:attachment":[{"href":"https:\/\/www.abchukuk.com\/index.php\/wp-json\/wp\/v2\/media?parent=9667"}],"wp:term":[{"taxonomy":"category","embeddable":true,"href":"https:\/\/www.abchukuk.com\/index.php\/wp-json\/wp\/v2\/categories?post=9667"},{"taxonomy":"post_tag","embeddable":true,"href":"https:\/\/www.abchukuk.com\/index.php\/wp-json\/wp\/v2\/tags?post=9667"}],"curies":[{"name":"wp","href":"https:\/\/api.w.org\/{rel}","templated":true}]}}