{"id":9649,"date":"2025-10-29T14:11:00","date_gmt":"2025-10-29T14:11:00","guid":{"rendered":"https:\/\/www.abchukuk.com\/index.php\/2025\/10\/29\/istanbul-cumhuriyet-bassavciligi-x-hesabi-acti-sadece-6-hesabi-takip-etti\/"},"modified":"2025-10-29T14:11:00","modified_gmt":"2025-10-29T14:11:00","slug":"istanbul-cumhuriyet-bassavciligi-x-hesabi-acti-sadece-6-hesabi-takip-etti","status":"publish","type":"post","link":"https:\/\/www.abchukuk.com\/index.php\/2025\/10\/29\/istanbul-cumhuriyet-bassavciligi-x-hesabi-acti-sadece-6-hesabi-takip-etti\/","title":{"rendered":"\u0130stanbul Cumhuriyet Ba\u015fsavc\u0131l\u0131\u011f\u0131 X hesab\u0131 a\u00e7t\u0131: Sadece 6 hesab\u0131 takip etti"},"content":{"rendered":"<p>\u0130stanbul Cumhuriyet Ba\u015fsavc\u0131l\u0131\u011f\u0131 sosyal medya platformu X&#8217;te hesap a\u00e7t\u0131. Hesab\u0131n a\u00e7\u0131l\u0131\u015f tarihi Ekim 2025 olarak g\u00f6r\u00fcl\u00fcrken ilk payla\u015f\u0131m 29 Ekim Cumhuriyet Bayram\u0131\u2019n\u0131n 102\u2019nci y\u0131ld\u00f6n\u00fcm\u00fc kutlamas\u0131na ayr\u0131ld\u0131. Ba\u015fsavc\u0131l\u0131k, sadece 6 hesab\u0131 takip etti.\u0130stanbul Cumhuriyet Ba\u015fsavc\u0131l\u0131\u011f\u0131 sosyal medya platformu X&#8217;te hesap a\u00e7t\u0131. Hesab\u0131n a\u00e7\u0131l\u0131\u015f tarihi Ekim 2025 olarak g\u00f6r\u00fcl\u00fcrken ilk payla\u015f\u0131m 29 Ekim Cumhuriyet Bayram\u0131\u2019n\u0131n 102\u2019nci y\u0131ld\u00f6n\u00fcm\u00fc kutlamas\u0131na ayr\u0131ld\u0131. Ba\u015fsavc\u0131l\u0131k, sadece 6 hesab\u0131 takip etti.\u00a0<a href=\"https:\/\/www.cumhuriyet.com.tr\/turkiye\/istanbul-cumhuriyet-bassavciligi-x-hesabi-acti-sadece-6-hesabi-takip-etti-2448058\" target=\"_blank\" class=\"feedzy-rss-link-icon\">Read More<\/a><\/p>","protected":false},"excerpt":{"rendered":"<p>\u0130stanbul Cumhuriyet Ba\u015fsavc\u0131l\u0131\u011f\u0131 sosyal medya platformu X&#8217;te hesap a\u00e7t\u0131. Hesab\u0131n a\u00e7\u0131l\u0131\u015f tarihi Ekim 2025 olarak g\u00f6r\u00fcl\u00fcrken ilk payla\u015f\u0131m 29 Ekim Cumhuriyet Bayram\u0131\u2019n\u0131n 102\u2019nci y\u0131ld\u00f6n\u00fcm\u00fc kutlamas\u0131na ayr\u0131ld\u0131. Ba\u015fsavc\u0131l\u0131k, sadece 6 hesab\u0131 takip etti.\u0130stanbul Cumhuriyet Ba\u015fsavc\u0131l\u0131\u011f\u0131 sosyal medya platformu X&#8217;te hesap a\u00e7t\u0131. Hesab\u0131n a\u00e7\u0131l\u0131\u015f tarihi Ekim 2025 olarak g\u00f6r\u00fcl\u00fcrken ilk payla\u015f\u0131m 29 Ekim Cumhuriyet Bayram\u0131\u2019n\u0131n 102\u2019nci y\u0131ld\u00f6n\u00fcm\u00fc [&hellip;]<\/p>\n","protected":false},"author":1,"featured_media":9650,"comment_status":"open","ping_status":"open","sticky":false,"template":"","format":"standard","meta":{"footnotes":"","_links_to":"","_links_to_target":""},"categories":[1],"tags":[],"class_list":["post-9649","post","type-post","status-publish","format-standard","has-post-thumbnail","hentry","category-haberler"],"_links":{"self":[{"href":"https:\/\/www.abchukuk.com\/index.php\/wp-json\/wp\/v2\/posts\/9649","targetHints":{"allow":["GET"]}}],"collection":[{"href":"https:\/\/www.abchukuk.com\/index.php\/wp-json\/wp\/v2\/posts"}],"about":[{"href":"https:\/\/www.abchukuk.com\/index.php\/wp-json\/wp\/v2\/types\/post"}],"author":[{"embeddable":true,"href":"https:\/\/www.abchukuk.com\/index.php\/wp-json\/wp\/v2\/users\/1"}],"replies":[{"embeddable":true,"href":"https:\/\/www.abchukuk.com\/index.php\/wp-json\/wp\/v2\/comments?post=9649"}],"version-history":[{"count":0,"href":"https:\/\/www.abchukuk.com\/index.php\/wp-json\/wp\/v2\/posts\/9649\/revisions"}],"wp:featuredmedia":[{"embeddable":true,"href":"https:\/\/www.abchukuk.com\/index.php\/wp-json\/wp\/v2\/media\/9650"}],"wp:attachment":[{"href":"https:\/\/www.abchukuk.com\/index.php\/wp-json\/wp\/v2\/media?parent=9649"}],"wp:term":[{"taxonomy":"category","embeddable":true,"href":"https:\/\/www.abchukuk.com\/index.php\/wp-json\/wp\/v2\/categories?post=9649"},{"taxonomy":"post_tag","embeddable":true,"href":"https:\/\/www.abchukuk.com\/index.php\/wp-json\/wp\/v2\/tags?post=9649"}],"curies":[{"name":"wp","href":"https:\/\/api.w.org\/{rel}","templated":true}]}}