{"id":9640,"date":"2025-10-29T10:09:00","date_gmt":"2025-10-29T10:09:00","guid":{"rendered":"https:\/\/www.abchukuk.com\/index.php\/2025\/10\/29\/eski-kemer-belediye-baskani-mustafa-gul-gozaltina-alindi\/"},"modified":"2025-10-29T10:09:00","modified_gmt":"2025-10-29T10:09:00","slug":"eski-kemer-belediye-baskani-mustafa-gul-gozaltina-alindi","status":"publish","type":"post","link":"https:\/\/www.abchukuk.com\/index.php\/2025\/10\/29\/eski-kemer-belediye-baskani-mustafa-gul-gozaltina-alindi\/","title":{"rendered":"Eski Kemer Belediye Ba\u015fkan\u0131 Mustafa G\u00fcl g\u00f6zalt\u0131na al\u0131nd\u0131"},"content":{"rendered":"<p>Antalya&#8217;da eski Kemer Belediye Ba\u015fkan\u0131 Mustafa G\u00fcl, il\u00e7edeki bir esnaf\u0131n \u015fikayeti sonras\u0131 ba\u015flat\u0131lan soru\u015fturma kapsam\u0131nda &#8216;N\u00fcfuz ticareti&#8217; ve &#8216;Doland\u0131r\u0131c\u0131l\u0131k&#8217; su\u00e7lamas\u0131yla g\u00f6zalt\u0131na al\u0131nd\u0131.Antalya&#8217;da eski Kemer Belediye Ba\u015fkan\u0131 Mustafa G\u00fcl, il\u00e7edeki bir esnaf\u0131n \u015fikayeti sonras\u0131 ba\u015flat\u0131lan soru\u015fturma kapsam\u0131nda &#8216;N\u00fcfuz ticareti&#8217; ve &#8216;Doland\u0131r\u0131c\u0131l\u0131k&#8217; su\u00e7lamas\u0131yla g\u00f6zalt\u0131na al\u0131nd\u0131.\u00a0<a href=\"https:\/\/www.cumhuriyet.com.tr\/turkiye\/eski-kemer-belediye-baskani-mustafa-gul-gozaltina-alindi-2447984\" target=\"_blank\" class=\"feedzy-rss-link-icon\">Read More<\/a><\/p>","protected":false},"excerpt":{"rendered":"<p>Antalya&#8217;da eski Kemer Belediye Ba\u015fkan\u0131 Mustafa G\u00fcl, il\u00e7edeki bir esnaf\u0131n \u015fikayeti sonras\u0131 ba\u015flat\u0131lan soru\u015fturma kapsam\u0131nda &#8216;N\u00fcfuz ticareti&#8217; ve &#8216;Doland\u0131r\u0131c\u0131l\u0131k&#8217; su\u00e7lamas\u0131yla g\u00f6zalt\u0131na al\u0131nd\u0131.Antalya&#8217;da eski Kemer Belediye Ba\u015fkan\u0131 Mustafa G\u00fcl, il\u00e7edeki bir esnaf\u0131n \u015fikayeti sonras\u0131 ba\u015flat\u0131lan soru\u015fturma kapsam\u0131nda &#8216;N\u00fcfuz ticareti&#8217; ve &#8216;Doland\u0131r\u0131c\u0131l\u0131k&#8217; su\u00e7lamas\u0131yla g\u00f6zalt\u0131na al\u0131nd\u0131.\u00a0Read More<\/p>\n","protected":false},"author":1,"featured_media":9641,"comment_status":"open","ping_status":"open","sticky":false,"template":"","format":"standard","meta":{"footnotes":"","_links_to":"","_links_to_target":""},"categories":[1],"tags":[],"class_list":["post-9640","post","type-post","status-publish","format-standard","has-post-thumbnail","hentry","category-haberler"],"_links":{"self":[{"href":"https:\/\/www.abchukuk.com\/index.php\/wp-json\/wp\/v2\/posts\/9640","targetHints":{"allow":["GET"]}}],"collection":[{"href":"https:\/\/www.abchukuk.com\/index.php\/wp-json\/wp\/v2\/posts"}],"about":[{"href":"https:\/\/www.abchukuk.com\/index.php\/wp-json\/wp\/v2\/types\/post"}],"author":[{"embeddable":true,"href":"https:\/\/www.abchukuk.com\/index.php\/wp-json\/wp\/v2\/users\/1"}],"replies":[{"embeddable":true,"href":"https:\/\/www.abchukuk.com\/index.php\/wp-json\/wp\/v2\/comments?post=9640"}],"version-history":[{"count":0,"href":"https:\/\/www.abchukuk.com\/index.php\/wp-json\/wp\/v2\/posts\/9640\/revisions"}],"wp:featuredmedia":[{"embeddable":true,"href":"https:\/\/www.abchukuk.com\/index.php\/wp-json\/wp\/v2\/media\/9641"}],"wp:attachment":[{"href":"https:\/\/www.abchukuk.com\/index.php\/wp-json\/wp\/v2\/media?parent=9640"}],"wp:term":[{"taxonomy":"category","embeddable":true,"href":"https:\/\/www.abchukuk.com\/index.php\/wp-json\/wp\/v2\/categories?post=9640"},{"taxonomy":"post_tag","embeddable":true,"href":"https:\/\/www.abchukuk.com\/index.php\/wp-json\/wp\/v2\/tags?post=9640"}],"curies":[{"name":"wp","href":"https:\/\/api.w.org\/{rel}","templated":true}]}}