{"id":9633,"date":"2025-10-29T10:27:04","date_gmt":"2025-10-29T10:27:04","guid":{"rendered":"https:\/\/www.abchukuk.com\/index.php\/2025\/10\/29\/kremlin-venezuella-etrafinda-olup-biten-her-sey-hukuka-uygun-olmalidir\/"},"modified":"2025-10-29T10:27:04","modified_gmt":"2025-10-29T10:27:04","slug":"kremlin-venezuella-etrafinda-olup-biten-her-sey-hukuka-uygun-olmalidir","status":"publish","type":"post","link":"https:\/\/www.abchukuk.com\/index.php\/2025\/10\/29\/kremlin-venezuella-etrafinda-olup-biten-her-sey-hukuka-uygun-olmalidir\/","title":{"rendered":"Kremlin: Venez\u00fcella etraf\u0131nda olup biten her \u015fey hukuka uygun olmal\u0131d\u0131r"},"content":{"rendered":"<p>ABD&#8217;nin Venez\u00fcella yak\u0131n\u0131nda askeri varl\u0131\u011f\u0131n\u0131 art\u0131rd\u0131\u011f\u0131 y\u00f6n\u00fcndeki haberlere ili\u015fkin de\u011ferlendirmede bulunan Kremlin S\u00f6zc\u00fcs\u00fc Peskov, \u00fclkenin etraf\u0131nda olup biten her \u015feyin uluslararas\u0131 hukuka uygun olmas\u0131 gerekti\u011fini belirtti.ABD&#8217;nin Venez\u00fcella yak\u0131n\u0131nda askeri varl\u0131\u011f\u0131n\u0131 art\u0131rd\u0131\u011f\u0131 y\u00f6n\u00fcndeki haberlere ili\u015fkin de\u011ferlendirmede bulunan Kremlin S\u00f6zc\u00fcs\u00fc Peskov, \u00fclkenin etraf\u0131nda olup biten her \u015feyin uluslararas\u0131 hukuka uygun olmas\u0131 gerekti\u011fini belirtti.\u00a0<a href=\"https:\/\/anlatilaninotesi.com.tr\/20251029\/kremlin-venezuella-etrafinda-olup-biten-her-sey-hukuka-uygun-olmalidir-1100583653.html\" target=\"_blank\" class=\"feedzy-rss-link-icon\">Read More<\/a><\/p>","protected":false},"excerpt":{"rendered":"<p>ABD&#8217;nin Venez\u00fcella yak\u0131n\u0131nda askeri varl\u0131\u011f\u0131n\u0131 art\u0131rd\u0131\u011f\u0131 y\u00f6n\u00fcndeki haberlere ili\u015fkin de\u011ferlendirmede bulunan Kremlin S\u00f6zc\u00fcs\u00fc Peskov, \u00fclkenin etraf\u0131nda olup biten her \u015feyin uluslararas\u0131 hukuka uygun olmas\u0131 gerekti\u011fini belirtti.ABD&#8217;nin Venez\u00fcella yak\u0131n\u0131nda askeri varl\u0131\u011f\u0131n\u0131 art\u0131rd\u0131\u011f\u0131 y\u00f6n\u00fcndeki haberlere ili\u015fkin de\u011ferlendirmede bulunan Kremlin S\u00f6zc\u00fcs\u00fc Peskov, \u00fclkenin etraf\u0131nda olup biten her \u015feyin uluslararas\u0131 hukuka uygun olmas\u0131 gerekti\u011fini belirtti.\u00a0Read More<\/p>\n","protected":false},"author":1,"featured_media":9634,"comment_status":"open","ping_status":"open","sticky":false,"template":"","format":"standard","meta":{"footnotes":"","_links_to":"","_links_to_target":""},"categories":[1],"tags":[],"class_list":["post-9633","post","type-post","status-publish","format-standard","has-post-thumbnail","hentry","category-haberler"],"_links":{"self":[{"href":"https:\/\/www.abchukuk.com\/index.php\/wp-json\/wp\/v2\/posts\/9633","targetHints":{"allow":["GET"]}}],"collection":[{"href":"https:\/\/www.abchukuk.com\/index.php\/wp-json\/wp\/v2\/posts"}],"about":[{"href":"https:\/\/www.abchukuk.com\/index.php\/wp-json\/wp\/v2\/types\/post"}],"author":[{"embeddable":true,"href":"https:\/\/www.abchukuk.com\/index.php\/wp-json\/wp\/v2\/users\/1"}],"replies":[{"embeddable":true,"href":"https:\/\/www.abchukuk.com\/index.php\/wp-json\/wp\/v2\/comments?post=9633"}],"version-history":[{"count":0,"href":"https:\/\/www.abchukuk.com\/index.php\/wp-json\/wp\/v2\/posts\/9633\/revisions"}],"wp:featuredmedia":[{"embeddable":true,"href":"https:\/\/www.abchukuk.com\/index.php\/wp-json\/wp\/v2\/media\/9634"}],"wp:attachment":[{"href":"https:\/\/www.abchukuk.com\/index.php\/wp-json\/wp\/v2\/media?parent=9633"}],"wp:term":[{"taxonomy":"category","embeddable":true,"href":"https:\/\/www.abchukuk.com\/index.php\/wp-json\/wp\/v2\/categories?post=9633"},{"taxonomy":"post_tag","embeddable":true,"href":"https:\/\/www.abchukuk.com\/index.php\/wp-json\/wp\/v2\/tags?post=9633"}],"curies":[{"name":"wp","href":"https:\/\/api.w.org\/{rel}","templated":true}]}}