{"id":9629,"date":"2025-10-29T09:33:00","date_gmt":"2025-10-29T09:33:00","guid":{"rendered":"https:\/\/www.abchukuk.com\/index.php\/2025\/10\/29\/depremde-yikilan-alpargun-apartmani-davasinda-yarin-yeniden-karar-aciklanacak-magdurlardan-yeniden-yargilama-talebi\/"},"modified":"2025-10-29T09:33:00","modified_gmt":"2025-10-29T09:33:00","slug":"depremde-yikilan-alpargun-apartmani-davasinda-yarin-yeniden-karar-aciklanacak-magdurlardan-yeniden-yargilama-talebi","status":"publish","type":"post","link":"https:\/\/www.abchukuk.com\/index.php\/2025\/10\/29\/depremde-yikilan-alpargun-apartmani-davasinda-yarin-yeniden-karar-aciklanacak-magdurlardan-yeniden-yargilama-talebi\/","title":{"rendered":"Depremde y\u0131k\u0131lan Alparg\u00fcn Apartman\u0131 davas\u0131nda yar\u0131n yeniden karar a\u00e7\u0131klanacak: Ma\u011fdurlardan &#8216;yeniden yarg\u0131lama&#8217; talebi"},"content":{"rendered":"<p>Adana&#8217;da 6 \u015eubat depremlerinde y\u0131k\u0131l\u0131p 96 ki\u015fiye mezar olan Alparg\u00fcn Apartman\u0131 davas\u0131nda, istinaf\u0131n bozma karar\u0131n\u0131n ard\u0131ndan yar\u0131n g\u00f6r\u00fclecek duru\u015fmada yeniden karar a\u00e7\u0131klanmas\u0131 bekleniyor. Aileler, &#8220;Biz, depremde ailelerini kaybedenler ve avukatlar olarak san\u0131\u011f\u0131n yeniden &#8216;olas\u0131 kast&#8217; ile yarg\u0131lanmas\u0131n\u0131 talep ediyoruz&#8221; dedi.Adana&#8217;da 6 \u015eubat depremlerinde y\u0131k\u0131l\u0131p 96 ki\u015fiye mezar olan Alparg\u00fcn Apartman\u0131 davas\u0131nda, istinaf\u0131n bozma karar\u0131n\u0131n ard\u0131ndan yar\u0131n g\u00f6r\u00fclecek duru\u015fmada yeniden karar a\u00e7\u0131klanmas\u0131 bekleniyor. Aileler, &#8220;Biz, depremde ailelerini kaybedenler ve avukatlar olarak san\u0131\u011f\u0131n yeniden &#8216;olas\u0131 kast&#8217; ile yarg\u0131lanmas\u0131n\u0131 talep ediyoruz&#8221; dedi.\u00a0<a href=\"https:\/\/www.cumhuriyet.com.tr\/turkiye\/depremde-yikilan-alpargun-apartmani-davasinda-yarin-yeniden-karar-aciklanacak-magdurlardan-yeniden-yargilama-talebi-2447972\" target=\"_blank\" class=\"feedzy-rss-link-icon\">Read More<\/a><\/p>","protected":false},"excerpt":{"rendered":"<p>Adana&#8217;da 6 \u015eubat depremlerinde y\u0131k\u0131l\u0131p 96 ki\u015fiye mezar olan Alparg\u00fcn Apartman\u0131 davas\u0131nda, istinaf\u0131n bozma karar\u0131n\u0131n ard\u0131ndan yar\u0131n g\u00f6r\u00fclecek duru\u015fmada yeniden karar a\u00e7\u0131klanmas\u0131 bekleniyor. Aileler, &#8220;Biz, depremde ailelerini kaybedenler ve avukatlar olarak san\u0131\u011f\u0131n yeniden &#8216;olas\u0131 kast&#8217; ile yarg\u0131lanmas\u0131n\u0131 talep ediyoruz&#8221; dedi.Adana&#8217;da 6 \u015eubat depremlerinde y\u0131k\u0131l\u0131p 96 ki\u015fiye mezar olan Alparg\u00fcn Apartman\u0131 davas\u0131nda, istinaf\u0131n bozma karar\u0131n\u0131n ard\u0131ndan [&hellip;]<\/p>\n","protected":false},"author":1,"featured_media":9630,"comment_status":"open","ping_status":"open","sticky":false,"template":"","format":"standard","meta":{"footnotes":"","_links_to":"","_links_to_target":""},"categories":[1],"tags":[],"class_list":["post-9629","post","type-post","status-publish","format-standard","has-post-thumbnail","hentry","category-haberler"],"_links":{"self":[{"href":"https:\/\/www.abchukuk.com\/index.php\/wp-json\/wp\/v2\/posts\/9629","targetHints":{"allow":["GET"]}}],"collection":[{"href":"https:\/\/www.abchukuk.com\/index.php\/wp-json\/wp\/v2\/posts"}],"about":[{"href":"https:\/\/www.abchukuk.com\/index.php\/wp-json\/wp\/v2\/types\/post"}],"author":[{"embeddable":true,"href":"https:\/\/www.abchukuk.com\/index.php\/wp-json\/wp\/v2\/users\/1"}],"replies":[{"embeddable":true,"href":"https:\/\/www.abchukuk.com\/index.php\/wp-json\/wp\/v2\/comments?post=9629"}],"version-history":[{"count":0,"href":"https:\/\/www.abchukuk.com\/index.php\/wp-json\/wp\/v2\/posts\/9629\/revisions"}],"wp:featuredmedia":[{"embeddable":true,"href":"https:\/\/www.abchukuk.com\/index.php\/wp-json\/wp\/v2\/media\/9630"}],"wp:attachment":[{"href":"https:\/\/www.abchukuk.com\/index.php\/wp-json\/wp\/v2\/media?parent=9629"}],"wp:term":[{"taxonomy":"category","embeddable":true,"href":"https:\/\/www.abchukuk.com\/index.php\/wp-json\/wp\/v2\/categories?post=9629"},{"taxonomy":"post_tag","embeddable":true,"href":"https:\/\/www.abchukuk.com\/index.php\/wp-json\/wp\/v2\/tags?post=9629"}],"curies":[{"name":"wp","href":"https:\/\/api.w.org\/{rel}","templated":true}]}}