{"id":9626,"date":"2025-10-29T07:10:00","date_gmt":"2025-10-29T07:10:00","guid":{"rendered":"https:\/\/www.abchukuk.com\/index.php\/2025\/10\/29\/dem-parti-pmden-4-maddelik-sonuc-bildirgesi-gerekli-hukuki-ve-siyasi-adimlar-hayata-gecirilmeli\/"},"modified":"2025-10-29T07:10:00","modified_gmt":"2025-10-29T07:10:00","slug":"dem-parti-pmden-4-maddelik-sonuc-bildirgesi-gerekli-hukuki-ve-siyasi-adimlar-hayata-gecirilmeli","status":"publish","type":"post","link":"https:\/\/www.abchukuk.com\/index.php\/2025\/10\/29\/dem-parti-pmden-4-maddelik-sonuc-bildirgesi-gerekli-hukuki-ve-siyasi-adimlar-hayata-gecirilmeli\/","title":{"rendered":"DEM Parti PM&#8217;den 4 maddelik sonu\u00e7 bildirgesi: &#8216;Gerekli hukuki ve siyasi ad\u0131mlar hayata ge\u00e7irilmeli&#8217;"},"content":{"rendered":"<p>DEM Parti Parti Meclisi&#8217;nin (PM) sonu\u00e7 bildirgesinde, ter\u00f6r \u00f6rg\u00fct\u00fc PKK&#8217;nin silahl\u0131 g\u00fc\u00e7lerini geri \u00e7ekme karar\u0131 de\u011ferlendirildi. Bildirgede, &#8220;Gerekli hukuki ve siyasi ad\u0131mlar bir an \u00f6nce hayata ge\u00e7irilmelidir&#8221; denildi.DEM Parti Parti Meclisi&#8217;nin (PM) sonu\u00e7 bildirgesinde, ter\u00f6r \u00f6rg\u00fct\u00fc PKK&#8217;nin silahl\u0131 g\u00fc\u00e7lerini geri \u00e7ekme karar\u0131 de\u011ferlendirildi. Bildirgede, &#8220;Gerekli hukuki ve siyasi ad\u0131mlar bir an \u00f6nce hayata ge\u00e7irilmelidir&#8221; denildi.\u00a0<a href=\"https:\/\/www.cumhuriyet.com.tr\/turkiye\/dem-parti-pm-den-4-maddelik-sonuc-bildirgesi-gerekli-hukuki-ve-siyasi-adimlar-hayata-gecirilmeli-2447931\" target=\"_blank\" class=\"feedzy-rss-link-icon\">Read More<\/a><\/p>","protected":false},"excerpt":{"rendered":"<p>DEM Parti Parti Meclisi&#8217;nin (PM) sonu\u00e7 bildirgesinde, ter\u00f6r \u00f6rg\u00fct\u00fc PKK&#8217;nin silahl\u0131 g\u00fc\u00e7lerini geri \u00e7ekme karar\u0131 de\u011ferlendirildi. Bildirgede, &#8220;Gerekli hukuki ve siyasi ad\u0131mlar bir an \u00f6nce hayata ge\u00e7irilmelidir&#8221; denildi.DEM Parti Parti Meclisi&#8217;nin (PM) sonu\u00e7 bildirgesinde, ter\u00f6r \u00f6rg\u00fct\u00fc PKK&#8217;nin silahl\u0131 g\u00fc\u00e7lerini geri \u00e7ekme karar\u0131 de\u011ferlendirildi. Bildirgede, &#8220;Gerekli hukuki ve siyasi ad\u0131mlar bir an \u00f6nce hayata ge\u00e7irilmelidir&#8221; denildi.\u00a0Read [&hellip;]<\/p>\n","protected":false},"author":1,"featured_media":9627,"comment_status":"open","ping_status":"open","sticky":false,"template":"","format":"standard","meta":{"footnotes":"","_links_to":"","_links_to_target":""},"categories":[1],"tags":[],"class_list":["post-9626","post","type-post","status-publish","format-standard","has-post-thumbnail","hentry","category-haberler"],"_links":{"self":[{"href":"https:\/\/www.abchukuk.com\/index.php\/wp-json\/wp\/v2\/posts\/9626","targetHints":{"allow":["GET"]}}],"collection":[{"href":"https:\/\/www.abchukuk.com\/index.php\/wp-json\/wp\/v2\/posts"}],"about":[{"href":"https:\/\/www.abchukuk.com\/index.php\/wp-json\/wp\/v2\/types\/post"}],"author":[{"embeddable":true,"href":"https:\/\/www.abchukuk.com\/index.php\/wp-json\/wp\/v2\/users\/1"}],"replies":[{"embeddable":true,"href":"https:\/\/www.abchukuk.com\/index.php\/wp-json\/wp\/v2\/comments?post=9626"}],"version-history":[{"count":0,"href":"https:\/\/www.abchukuk.com\/index.php\/wp-json\/wp\/v2\/posts\/9626\/revisions"}],"wp:featuredmedia":[{"embeddable":true,"href":"https:\/\/www.abchukuk.com\/index.php\/wp-json\/wp\/v2\/media\/9627"}],"wp:attachment":[{"href":"https:\/\/www.abchukuk.com\/index.php\/wp-json\/wp\/v2\/media?parent=9626"}],"wp:term":[{"taxonomy":"category","embeddable":true,"href":"https:\/\/www.abchukuk.com\/index.php\/wp-json\/wp\/v2\/categories?post=9626"},{"taxonomy":"post_tag","embeddable":true,"href":"https:\/\/www.abchukuk.com\/index.php\/wp-json\/wp\/v2\/tags?post=9626"}],"curies":[{"name":"wp","href":"https:\/\/api.w.org\/{rel}","templated":true}]}}