{"id":9624,"date":"2025-10-29T07:52:00","date_gmt":"2025-10-29T07:52:00","guid":{"rendered":"https:\/\/www.abchukuk.com\/index.php\/2025\/10\/29\/yuksek-yargi-organi-baskanlarindan-29-ekim-cumhuriyet-bayrami-mesajlari\/"},"modified":"2025-10-29T07:52:00","modified_gmt":"2025-10-29T07:52:00","slug":"yuksek-yargi-organi-baskanlarindan-29-ekim-cumhuriyet-bayrami-mesajlari","status":"publish","type":"post","link":"https:\/\/www.abchukuk.com\/index.php\/2025\/10\/29\/yuksek-yargi-organi-baskanlarindan-29-ekim-cumhuriyet-bayrami-mesajlari\/","title":{"rendered":"Y\u00fcksek yarg\u0131 organ\u0131 ba\u015fkanlar\u0131ndan 29 Ekim Cumhuriyet Bayram\u0131 mesajlar\u0131"},"content":{"rendered":"<p>Y\u00fcksek yarg\u0131 organlar\u0131n\u0131n ba\u015fkanlar\u0131, 29 Ekim Cumhuriyet Bayram\u0131&#8217;n\u0131n 102&#8217;nci d\u00f6n\u00fcm\u00fc dolay\u0131s\u0131yla kutlama mesajlar\u0131 yay\u0131mlad\u0131. Anayasa Mahkemesi Ba\u015fkan\u0131 Kadir \u00d6zkaya, y\u00fcksek mahkemenin Cumhuriyet&#8217;in de\u011ferlerine ba\u011fl\u0131l\u0131kla g\u00f6revini s\u00fcrd\u00fcrd\u00fc\u011f\u00fcn\u00fc ifade etti.Y\u00fcksek yarg\u0131 organlar\u0131n\u0131n ba\u015fkanlar\u0131, 29 Ekim Cumhuriyet Bayram\u0131&#8217;n\u0131n 102&#8217;nci d\u00f6n\u00fcm\u00fc dolay\u0131s\u0131yla kutlama mesajlar\u0131 yay\u0131mlad\u0131. Anayasa Mahkemesi Ba\u015fkan\u0131 Kadir \u00d6zkaya, y\u00fcksek mahkemenin Cumhuriyet&#8217;in de\u011ferlerine ba\u011fl\u0131l\u0131kla g\u00f6revini s\u00fcrd\u00fcrd\u00fc\u011f\u00fcn\u00fc ifade etti.\u00a0<a href=\"https:\/\/www.cumhuriyet.com.tr\/turkiye\/yuksek-yargi-organi-baskanlarindan-29-ekim-cumhuriyet-bayrami-mesajlari-2447946\" target=\"_blank\" class=\"feedzy-rss-link-icon\">Read More<\/a><\/p>","protected":false},"excerpt":{"rendered":"<p>Y\u00fcksek yarg\u0131 organlar\u0131n\u0131n ba\u015fkanlar\u0131, 29 Ekim Cumhuriyet Bayram\u0131&#8217;n\u0131n 102&#8217;nci d\u00f6n\u00fcm\u00fc dolay\u0131s\u0131yla kutlama mesajlar\u0131 yay\u0131mlad\u0131. Anayasa Mahkemesi Ba\u015fkan\u0131 Kadir \u00d6zkaya, y\u00fcksek mahkemenin Cumhuriyet&#8217;in de\u011ferlerine ba\u011fl\u0131l\u0131kla g\u00f6revini s\u00fcrd\u00fcrd\u00fc\u011f\u00fcn\u00fc ifade etti.Y\u00fcksek yarg\u0131 organlar\u0131n\u0131n ba\u015fkanlar\u0131, 29 Ekim Cumhuriyet Bayram\u0131&#8217;n\u0131n 102&#8217;nci d\u00f6n\u00fcm\u00fc dolay\u0131s\u0131yla kutlama mesajlar\u0131 yay\u0131mlad\u0131. Anayasa Mahkemesi Ba\u015fkan\u0131 Kadir \u00d6zkaya, y\u00fcksek mahkemenin Cumhuriyet&#8217;in de\u011ferlerine ba\u011fl\u0131l\u0131kla g\u00f6revini s\u00fcrd\u00fcrd\u00fc\u011f\u00fcn\u00fc ifade etti.\u00a0Read [&hellip;]<\/p>\n","protected":false},"author":1,"featured_media":9625,"comment_status":"open","ping_status":"open","sticky":false,"template":"","format":"standard","meta":{"footnotes":"","_links_to":"","_links_to_target":""},"categories":[1],"tags":[],"class_list":["post-9624","post","type-post","status-publish","format-standard","has-post-thumbnail","hentry","category-haberler"],"_links":{"self":[{"href":"https:\/\/www.abchukuk.com\/index.php\/wp-json\/wp\/v2\/posts\/9624","targetHints":{"allow":["GET"]}}],"collection":[{"href":"https:\/\/www.abchukuk.com\/index.php\/wp-json\/wp\/v2\/posts"}],"about":[{"href":"https:\/\/www.abchukuk.com\/index.php\/wp-json\/wp\/v2\/types\/post"}],"author":[{"embeddable":true,"href":"https:\/\/www.abchukuk.com\/index.php\/wp-json\/wp\/v2\/users\/1"}],"replies":[{"embeddable":true,"href":"https:\/\/www.abchukuk.com\/index.php\/wp-json\/wp\/v2\/comments?post=9624"}],"version-history":[{"count":0,"href":"https:\/\/www.abchukuk.com\/index.php\/wp-json\/wp\/v2\/posts\/9624\/revisions"}],"wp:featuredmedia":[{"embeddable":true,"href":"https:\/\/www.abchukuk.com\/index.php\/wp-json\/wp\/v2\/media\/9625"}],"wp:attachment":[{"href":"https:\/\/www.abchukuk.com\/index.php\/wp-json\/wp\/v2\/media?parent=9624"}],"wp:term":[{"taxonomy":"category","embeddable":true,"href":"https:\/\/www.abchukuk.com\/index.php\/wp-json\/wp\/v2\/categories?post=9624"},{"taxonomy":"post_tag","embeddable":true,"href":"https:\/\/www.abchukuk.com\/index.php\/wp-json\/wp\/v2\/tags?post=9624"}],"curies":[{"name":"wp","href":"https:\/\/api.w.org\/{rel}","templated":true}]}}