{"id":9618,"date":"2025-10-29T05:52:00","date_gmt":"2025-10-29T05:52:00","guid":{"rendered":"https:\/\/www.abchukuk.com\/index.php\/2025\/10\/29\/adalet-bakani-yilmaz-tunctan-29-ekim-cumhuriyet-bayrami-mesaji\/"},"modified":"2025-10-29T05:52:00","modified_gmt":"2025-10-29T05:52:00","slug":"adalet-bakani-yilmaz-tunctan-29-ekim-cumhuriyet-bayrami-mesaji","status":"publish","type":"post","link":"https:\/\/www.abchukuk.com\/index.php\/2025\/10\/29\/adalet-bakani-yilmaz-tunctan-29-ekim-cumhuriyet-bayrami-mesaji\/","title":{"rendered":"Adalet Bakan\u0131 Y\u0131lmaz Tun\u00e7&#8217;tan 29 Ekim Cumhuriyet Bayram\u0131 mesaj\u0131"},"content":{"rendered":"<p>Adalet Bakan\u0131 Y\u0131lmaz Tun\u00e7, 29 Ekim Cumhuriyet Bayram\u0131 dolay\u0131s\u0131yla yay\u0131mlad\u0131\u011f\u0131 mesaj\u0131nda, Cumhuriyet&#8217;in 102. y\u0131l\u0131n\u0131 &#8216;b\u00fcy\u00fck bir gurur ve co\u015fkuyla&#8217; kutlad\u0131klar\u0131n\u0131 ifade etti. Tun\u00e7, &#8220;Cumhuriyetimiz k\u00f6kleri sa\u011flam, dallar\u0131 ufka uzanan ulu bir \u00e7\u0131nar gibi her ge\u00e7en g\u00fcn daha da g\u00fc\u00e7lenmektedir&#8221; dedi. T\u00fcrkiye\u2019nin Cumhurba\u015fkan\u0131 Recep Tayyip Erdo\u011fan&#8217;\u0131n liderli\u011finde her alanda b\u00fcy\u00fck at\u0131l\u0131mlar ger\u00e7ekle\u015ftirdi\u011fini belirten Tun\u00e7, &#8220;Ter\u00f6rs\u00fcz T\u00fcrkiye idealimize mutlaka ula\u015faca\u011f\u0131z&#8221; ifadelerini kulland\u0131.Adalet Bakan\u0131 Y\u0131lmaz Tun\u00e7, 29 Ekim Cumhuriyet Bayram\u0131 dolay\u0131s\u0131yla yay\u0131mlad\u0131\u011f\u0131 mesaj\u0131nda, Cumhuriyet&#8217;in 102. y\u0131l\u0131n\u0131 &#8216;b\u00fcy\u00fck bir gurur ve co\u015fkuyla&#8217; kutlad\u0131klar\u0131n\u0131 ifade etti. Tun\u00e7, &#8220;Cumhuriyetimiz k\u00f6kleri sa\u011flam, dallar\u0131 ufka uzanan ulu bir \u00e7\u0131nar gibi her ge\u00e7en g\u00fcn daha da g\u00fc\u00e7lenmektedir&#8221; dedi. T\u00fcrkiye\u2019nin Cumhurba\u015fkan\u0131 Recep Tayyip Erdo\u011fan&#8217;\u0131n liderli\u011finde her alanda b\u00fcy\u00fck at\u0131l\u0131mlar ger\u00e7ekle\u015ftirdi\u011fini belirten Tun\u00e7, &#8220;Ter\u00f6rs\u00fcz T\u00fcrkiye idealimize mutlaka ula\u015faca\u011f\u0131z&#8221; ifadelerini kulland\u0131.\u00a0<a href=\"https:\/\/www.dunya.com\/gundem\/adalet-bakani-yilmaz-tunctan-29-ekim-cumhuriyet-bayrami-mesaji-haberi-800636\" target=\"_blank\" class=\"feedzy-rss-link-icon\">Read More<\/a><\/p>","protected":false},"excerpt":{"rendered":"<p>Adalet Bakan\u0131 Y\u0131lmaz Tun\u00e7, 29 Ekim Cumhuriyet Bayram\u0131 dolay\u0131s\u0131yla yay\u0131mlad\u0131\u011f\u0131 mesaj\u0131nda, Cumhuriyet&#8217;in 102. y\u0131l\u0131n\u0131 &#8216;b\u00fcy\u00fck bir gurur ve co\u015fkuyla&#8217; kutlad\u0131klar\u0131n\u0131 ifade etti. Tun\u00e7, &#8220;Cumhuriyetimiz k\u00f6kleri sa\u011flam, dallar\u0131 ufka uzanan ulu bir \u00e7\u0131nar gibi her ge\u00e7en g\u00fcn daha da g\u00fc\u00e7lenmektedir&#8221; dedi. T\u00fcrkiye\u2019nin Cumhurba\u015fkan\u0131 Recep Tayyip Erdo\u011fan&#8217;\u0131n liderli\u011finde her alanda b\u00fcy\u00fck at\u0131l\u0131mlar ger\u00e7ekle\u015ftirdi\u011fini belirten Tun\u00e7, &#8220;Ter\u00f6rs\u00fcz T\u00fcrkiye [&hellip;]<\/p>\n","protected":false},"author":1,"featured_media":9619,"comment_status":"open","ping_status":"open","sticky":false,"template":"","format":"standard","meta":{"footnotes":"","_links_to":"","_links_to_target":""},"categories":[1],"tags":[],"class_list":["post-9618","post","type-post","status-publish","format-standard","has-post-thumbnail","hentry","category-haberler"],"_links":{"self":[{"href":"https:\/\/www.abchukuk.com\/index.php\/wp-json\/wp\/v2\/posts\/9618","targetHints":{"allow":["GET"]}}],"collection":[{"href":"https:\/\/www.abchukuk.com\/index.php\/wp-json\/wp\/v2\/posts"}],"about":[{"href":"https:\/\/www.abchukuk.com\/index.php\/wp-json\/wp\/v2\/types\/post"}],"author":[{"embeddable":true,"href":"https:\/\/www.abchukuk.com\/index.php\/wp-json\/wp\/v2\/users\/1"}],"replies":[{"embeddable":true,"href":"https:\/\/www.abchukuk.com\/index.php\/wp-json\/wp\/v2\/comments?post=9618"}],"version-history":[{"count":0,"href":"https:\/\/www.abchukuk.com\/index.php\/wp-json\/wp\/v2\/posts\/9618\/revisions"}],"wp:featuredmedia":[{"embeddable":true,"href":"https:\/\/www.abchukuk.com\/index.php\/wp-json\/wp\/v2\/media\/9619"}],"wp:attachment":[{"href":"https:\/\/www.abchukuk.com\/index.php\/wp-json\/wp\/v2\/media?parent=9618"}],"wp:term":[{"taxonomy":"category","embeddable":true,"href":"https:\/\/www.abchukuk.com\/index.php\/wp-json\/wp\/v2\/categories?post=9618"},{"taxonomy":"post_tag","embeddable":true,"href":"https:\/\/www.abchukuk.com\/index.php\/wp-json\/wp\/v2\/tags?post=9618"}],"curies":[{"name":"wp","href":"https:\/\/api.w.org\/{rel}","templated":true}]}}