{"id":9599,"date":"2025-10-27T21:26:45","date_gmt":"2025-10-27T21:26:45","guid":{"rendered":"https:\/\/www.abchukuk.com\/index.php\/2025\/10\/27\/28-ekim-resmi-gazete-kararlari\/"},"modified":"2025-10-27T21:26:45","modified_gmt":"2025-10-27T21:26:45","slug":"28-ekim-resmi-gazete-kararlari","status":"publish","type":"post","link":"https:\/\/www.abchukuk.com\/index.php\/2025\/10\/27\/28-ekim-resmi-gazete-kararlari\/","title":{"rendered":"28 Ekim Resmi Gazete kararlar\u0131"},"content":{"rendered":"<p>28 Ekim 2025 tarihli Resm\u00ee Gazete yay\u0131mland\u0131. G\u00fcn\u00fcn say\u0131s\u0131nda yer alan kararlar, y\u00f6netmelikler ve tebli\u011fler kamuoyunun g\u00fcndeminde yerini ald\u0131. Yay\u0131mlanan d\u00fczenlemeler, farkl\u0131 kurum ve alanlarda uygulanacak yeni ad\u0131mlar\u0131 resmiyet kazand\u0131rd\u0131. G\u00fcn\u00fcn ilk saatlerinden itibaren say\u0131da hangi kararlar\u0131n yay\u0131mland\u0131\u011f\u0131 merak ediliyor. \u0130\u015fte 28 Ekim Resmi Gazete kararlar\u0131&#8230;28 Ekim 2025 tarihli Resm\u00ee Gazete yay\u0131mland\u0131. G\u00fcn\u00fcn say\u0131s\u0131nda yer alan kararlar, y\u00f6netmelikler ve tebli\u011fler kamuoyunun g\u00fcndeminde yerini ald\u0131. Yay\u0131mlanan d\u00fczenlemeler, farkl\u0131 kurum ve alanlarda uygulanacak yeni ad\u0131mlar\u0131 resmiyet kazand\u0131rd\u0131. G\u00fcn\u00fcn ilk saatlerinden itibaren say\u0131da hangi kararlar\u0131n yay\u0131mland\u0131\u011f\u0131 merak ediliyor. \u0130\u015fte 28 Ekim Resmi Gazete kararlar\u0131&#8230;\u00a0<a href=\"https:\/\/www.haberturk.com\/resmi-gazete-kararlari-28-ekim-2025-resmi-gazete-de-bugun-neler-var-28-ekim-resmi-gazete-kararlari-neler-3833238\" target=\"_blank\" class=\"feedzy-rss-link-icon\">Read More<\/a><\/p>","protected":false},"excerpt":{"rendered":"<p>28 Ekim 2025 tarihli Resm\u00ee Gazete yay\u0131mland\u0131. G\u00fcn\u00fcn say\u0131s\u0131nda yer alan kararlar, y\u00f6netmelikler ve tebli\u011fler kamuoyunun g\u00fcndeminde yerini ald\u0131. Yay\u0131mlanan d\u00fczenlemeler, farkl\u0131 kurum ve alanlarda uygulanacak yeni ad\u0131mlar\u0131 resmiyet kazand\u0131rd\u0131. G\u00fcn\u00fcn ilk saatlerinden itibaren say\u0131da hangi kararlar\u0131n yay\u0131mland\u0131\u011f\u0131 merak ediliyor. \u0130\u015fte 28 Ekim Resmi Gazete kararlar\u0131&#8230;28 Ekim 2025 tarihli Resm\u00ee Gazete yay\u0131mland\u0131. G\u00fcn\u00fcn say\u0131s\u0131nda yer [&hellip;]<\/p>\n","protected":false},"author":1,"featured_media":0,"comment_status":"open","ping_status":"open","sticky":false,"template":"","format":"standard","meta":{"footnotes":"","_links_to":"","_links_to_target":""},"categories":[1],"tags":[],"class_list":["post-9599","post","type-post","status-publish","format-standard","hentry","category-haberler"],"_links":{"self":[{"href":"https:\/\/www.abchukuk.com\/index.php\/wp-json\/wp\/v2\/posts\/9599","targetHints":{"allow":["GET"]}}],"collection":[{"href":"https:\/\/www.abchukuk.com\/index.php\/wp-json\/wp\/v2\/posts"}],"about":[{"href":"https:\/\/www.abchukuk.com\/index.php\/wp-json\/wp\/v2\/types\/post"}],"author":[{"embeddable":true,"href":"https:\/\/www.abchukuk.com\/index.php\/wp-json\/wp\/v2\/users\/1"}],"replies":[{"embeddable":true,"href":"https:\/\/www.abchukuk.com\/index.php\/wp-json\/wp\/v2\/comments?post=9599"}],"version-history":[{"count":0,"href":"https:\/\/www.abchukuk.com\/index.php\/wp-json\/wp\/v2\/posts\/9599\/revisions"}],"wp:attachment":[{"href":"https:\/\/www.abchukuk.com\/index.php\/wp-json\/wp\/v2\/media?parent=9599"}],"wp:term":[{"taxonomy":"category","embeddable":true,"href":"https:\/\/www.abchukuk.com\/index.php\/wp-json\/wp\/v2\/categories?post=9599"},{"taxonomy":"post_tag","embeddable":true,"href":"https:\/\/www.abchukuk.com\/index.php\/wp-json\/wp\/v2\/tags?post=9599"}],"curies":[{"name":"wp","href":"https:\/\/api.w.org\/{rel}","templated":true}]}}