{"id":9596,"date":"2025-10-28T15:47:00","date_gmt":"2025-10-28T15:47:00","guid":{"rendered":"https:\/\/www.abchukuk.com\/index.php\/2025\/10\/28\/hacettepedeki-doner-bicakli-kavgada-flas-gelisme-24-ogrenci-gozaltina-alinmisti\/"},"modified":"2025-10-28T15:47:00","modified_gmt":"2025-10-28T15:47:00","slug":"hacettepedeki-doner-bicakli-kavgada-flas-gelisme-24-ogrenci-gozaltina-alinmisti","status":"publish","type":"post","link":"https:\/\/www.abchukuk.com\/index.php\/2025\/10\/28\/hacettepedeki-doner-bicakli-kavgada-flas-gelisme-24-ogrenci-gozaltina-alinmisti\/","title":{"rendered":"Hacettepe&#8217;deki D\u00f6ner B\u0131\u00e7akl\u0131 Kavgada Fla\u015f Geli\u015fme! 24 \u00d6\u011frenci G\u00f6zalt\u0131na Al\u0131nm\u0131\u015ft\u0131"},"content":{"rendered":"<p><a href=\"https:\/\/www.gercekgundem.com\/guncel\/hacettepedeki-doner-bicakli-kavgada-flas-gelisme-24-ogrenci-gozaltina-alinmisti-561085\"><br \/>\n                                                            <img decoding=\"async\" src=\"https:\/\/i.gercekgundem.com\/2\/150\/84\/storage\/files\/images\/2025\/10\/28\/hacettepedeki-doner-bicakli-saldirida-flas-gelisme-ben3.jpg\" width=\"150\" height=\"84\" border=\"0\" align=\"right\" \/><br \/>\n                                                    <\/a><\/p>\n<h4>Hacettepe \u00dcniversitesi\u2019ndeki d\u00f6ner b\u0131\u00e7akl\u0131 kavgada g\u00f6zalt\u0131na al\u0131nan 24 \u00f6\u011frenci serbest b\u0131rak\u0131ld\u0131.<\/h4>\n<p>Hacettepe \u00dcniversitesi\u2019ndeki d\u00f6ner b\u0131\u00e7akl\u0131 kavgada g\u00f6zalt\u0131na al\u0131nan 24 \u00f6\u011frenci serbest b\u0131rak\u0131ld\u0131.\u00a0<a href=\"https:\/\/www.gercekgundem.com\/guncel\/hacettepedeki-doner-bicakli-kavgada-flas-gelisme-24-ogrenci-gozaltina-alinmisti-561085\" target=\"_blank\" class=\"feedzy-rss-link-icon\">Read More<\/a><\/p>","protected":false},"excerpt":{"rendered":"<p>Hacettepe \u00dcniversitesi\u2019ndeki d\u00f6ner b\u0131\u00e7akl\u0131 kavgada g\u00f6zalt\u0131na al\u0131nan 24 \u00f6\u011frenci serbest b\u0131rak\u0131ld\u0131. Hacettepe \u00dcniversitesi\u2019ndeki d\u00f6ner b\u0131\u00e7akl\u0131 kavgada g\u00f6zalt\u0131na al\u0131nan 24 \u00f6\u011frenci serbest b\u0131rak\u0131ld\u0131.\u00a0Read More<\/p>\n","protected":false},"author":1,"featured_media":9597,"comment_status":"open","ping_status":"open","sticky":false,"template":"","format":"standard","meta":{"footnotes":"","_links_to":"","_links_to_target":""},"categories":[1],"tags":[],"class_list":["post-9596","post","type-post","status-publish","format-standard","has-post-thumbnail","hentry","category-haberler"],"_links":{"self":[{"href":"https:\/\/www.abchukuk.com\/index.php\/wp-json\/wp\/v2\/posts\/9596","targetHints":{"allow":["GET"]}}],"collection":[{"href":"https:\/\/www.abchukuk.com\/index.php\/wp-json\/wp\/v2\/posts"}],"about":[{"href":"https:\/\/www.abchukuk.com\/index.php\/wp-json\/wp\/v2\/types\/post"}],"author":[{"embeddable":true,"href":"https:\/\/www.abchukuk.com\/index.php\/wp-json\/wp\/v2\/users\/1"}],"replies":[{"embeddable":true,"href":"https:\/\/www.abchukuk.com\/index.php\/wp-json\/wp\/v2\/comments?post=9596"}],"version-history":[{"count":0,"href":"https:\/\/www.abchukuk.com\/index.php\/wp-json\/wp\/v2\/posts\/9596\/revisions"}],"wp:featuredmedia":[{"embeddable":true,"href":"https:\/\/www.abchukuk.com\/index.php\/wp-json\/wp\/v2\/media\/9597"}],"wp:attachment":[{"href":"https:\/\/www.abchukuk.com\/index.php\/wp-json\/wp\/v2\/media?parent=9596"}],"wp:term":[{"taxonomy":"category","embeddable":true,"href":"https:\/\/www.abchukuk.com\/index.php\/wp-json\/wp\/v2\/categories?post=9596"},{"taxonomy":"post_tag","embeddable":true,"href":"https:\/\/www.abchukuk.com\/index.php\/wp-json\/wp\/v2\/tags?post=9596"}],"curies":[{"name":"wp","href":"https:\/\/api.w.org\/{rel}","templated":true}]}}