{"id":9594,"date":"2025-10-28T18:45:00","date_gmt":"2025-10-28T18:45:00","guid":{"rendered":"https:\/\/www.abchukuk.com\/index.php\/2025\/10\/28\/tutuklu-cumhurbaskani-adayi-imamoglundan-29-ekim-mesaji-mutlaka-kazanacagiz-yasasin-cumhuriyet\/"},"modified":"2025-10-28T18:45:00","modified_gmt":"2025-10-28T18:45:00","slug":"tutuklu-cumhurbaskani-adayi-imamoglundan-29-ekim-mesaji-mutlaka-kazanacagiz-yasasin-cumhuriyet","status":"publish","type":"post","link":"https:\/\/www.abchukuk.com\/index.php\/2025\/10\/28\/tutuklu-cumhurbaskani-adayi-imamoglundan-29-ekim-mesaji-mutlaka-kazanacagiz-yasasin-cumhuriyet\/","title":{"rendered":"Tutuklu cumhurba\u015fkan\u0131 aday\u0131 \u0130mamo\u011flu\u2019ndan 29 Ekim mesaj\u0131: \u2018Mutlaka kazanaca\u011f\u0131z, Ya\u015fas\u0131n Cumhuriyet!\u2019"},"content":{"rendered":"<p>CHP&#8217;nin tutuklu cumhurba\u015fkan\u0131 Aday\u0131 ve se\u00e7ilmi\u015f \u0130BB Ba\u015fkan\u0131 Ekrem \u0130mamo\u011flu, Cumhuriyet&#8217;in 102&#8217;nci y\u0131l\u0131 dolay\u0131s\u0131yla mesaj yay\u0131mlad\u0131. \u0130mamo\u011flu, &#8220;Gen\u00e7 ve cesuruz, mutlaka kazanaca\u011f\u0131z. Ya\u015fas\u0131n Cumhuriyet&#8221; dedi.CHP&#8217;nin tutuklu cumhurba\u015fkan\u0131 Aday\u0131 ve se\u00e7ilmi\u015f \u0130BB Ba\u015fkan\u0131 Ekrem \u0130mamo\u011flu, Cumhuriyet&#8217;in 102&#8217;nci y\u0131l\u0131 dolay\u0131s\u0131yla mesaj yay\u0131mlad\u0131. \u0130mamo\u011flu, &#8220;Gen\u00e7 ve cesuruz, mutlaka kazanaca\u011f\u0131z. Ya\u015fas\u0131n Cumhuriyet&#8221; dedi.\u00a0<a href=\"https:\/\/www.cumhuriyet.com.tr\/turkiye\/tutuklu-cumhurbaskani-adayi-imamoglu-ndan-29-ekim-mesaji-mutlaka-kazanacagiz-yasasin-cumhuriyet-2447842\" target=\"_blank\" class=\"feedzy-rss-link-icon\">Read More<\/a><\/p>","protected":false},"excerpt":{"rendered":"<p>CHP&#8217;nin tutuklu cumhurba\u015fkan\u0131 Aday\u0131 ve se\u00e7ilmi\u015f \u0130BB Ba\u015fkan\u0131 Ekrem \u0130mamo\u011flu, Cumhuriyet&#8217;in 102&#8217;nci y\u0131l\u0131 dolay\u0131s\u0131yla mesaj yay\u0131mlad\u0131. \u0130mamo\u011flu, &#8220;Gen\u00e7 ve cesuruz, mutlaka kazanaca\u011f\u0131z. Ya\u015fas\u0131n Cumhuriyet&#8221; dedi.CHP&#8217;nin tutuklu cumhurba\u015fkan\u0131 Aday\u0131 ve se\u00e7ilmi\u015f \u0130BB Ba\u015fkan\u0131 Ekrem \u0130mamo\u011flu, Cumhuriyet&#8217;in 102&#8217;nci y\u0131l\u0131 dolay\u0131s\u0131yla mesaj yay\u0131mlad\u0131. \u0130mamo\u011flu, &#8220;Gen\u00e7 ve cesuruz, mutlaka kazanaca\u011f\u0131z. Ya\u015fas\u0131n Cumhuriyet&#8221; dedi.\u00a0Read More<\/p>\n","protected":false},"author":1,"featured_media":9595,"comment_status":"open","ping_status":"open","sticky":false,"template":"","format":"standard","meta":{"footnotes":"","_links_to":"","_links_to_target":""},"categories":[1],"tags":[],"class_list":["post-9594","post","type-post","status-publish","format-standard","has-post-thumbnail","hentry","category-haberler"],"_links":{"self":[{"href":"https:\/\/www.abchukuk.com\/index.php\/wp-json\/wp\/v2\/posts\/9594","targetHints":{"allow":["GET"]}}],"collection":[{"href":"https:\/\/www.abchukuk.com\/index.php\/wp-json\/wp\/v2\/posts"}],"about":[{"href":"https:\/\/www.abchukuk.com\/index.php\/wp-json\/wp\/v2\/types\/post"}],"author":[{"embeddable":true,"href":"https:\/\/www.abchukuk.com\/index.php\/wp-json\/wp\/v2\/users\/1"}],"replies":[{"embeddable":true,"href":"https:\/\/www.abchukuk.com\/index.php\/wp-json\/wp\/v2\/comments?post=9594"}],"version-history":[{"count":0,"href":"https:\/\/www.abchukuk.com\/index.php\/wp-json\/wp\/v2\/posts\/9594\/revisions"}],"wp:featuredmedia":[{"embeddable":true,"href":"https:\/\/www.abchukuk.com\/index.php\/wp-json\/wp\/v2\/media\/9595"}],"wp:attachment":[{"href":"https:\/\/www.abchukuk.com\/index.php\/wp-json\/wp\/v2\/media?parent=9594"}],"wp:term":[{"taxonomy":"category","embeddable":true,"href":"https:\/\/www.abchukuk.com\/index.php\/wp-json\/wp\/v2\/categories?post=9594"},{"taxonomy":"post_tag","embeddable":true,"href":"https:\/\/www.abchukuk.com\/index.php\/wp-json\/wp\/v2\/tags?post=9594"}],"curies":[{"name":"wp","href":"https:\/\/api.w.org\/{rel}","templated":true}]}}