{"id":9590,"date":"2025-10-28T16:11:36","date_gmt":"2025-10-28T16:11:36","guid":{"rendered":"https:\/\/www.abchukuk.com\/index.php\/2025\/10\/28\/sehir-plancilari-odasi-baskani-tutuklamalar-tesaduf-degil-tasfiye-var\/"},"modified":"2025-10-28T16:11:36","modified_gmt":"2025-10-28T16:11:36","slug":"sehir-plancilari-odasi-baskani-tutuklamalar-tesaduf-degil-tasfiye-var","status":"publish","type":"post","link":"https:\/\/www.abchukuk.com\/index.php\/2025\/10\/28\/sehir-plancilari-odasi-baskani-tutuklamalar-tesaduf-degil-tasfiye-var\/","title":{"rendered":"\u015eehir Planc\u0131lar\u0131 Odas\u0131 Ba\u015fkan\u0131: Tutuklamalar tesad\u00fcf de\u011fil; tasfiye var"},"content":{"rendered":"<p>Mustafa Ho\u015f&#8217;la Yol Arkada\u015f\u0131&#8217;n\u0131n bug\u00fcnk\u00fc konuklar\u0131 TMMOB \u015eehir Planc\u0131lar\u0131 Odas\u0131 Ba\u015fkan\u0131 Akif Burak Atlar ve Ceza ve Tevkifevleri Memurlar\u0131 Derne\u011fi Genel Ba\u015fkan\u0131 Mustafa Bal\u0131k oldu.Mustafa Ho\u015f&#8217;la Yol Arkada\u015f\u0131&#8217;n\u0131n bug\u00fcnk\u00fc konuklar\u0131 TMMOB \u015eehir Planc\u0131lar\u0131 Odas\u0131 Ba\u015fkan\u0131 Akif Burak Atlar ve Ceza ve Tevkifevleri Memurlar\u0131 Derne\u011fi Genel Ba\u015fkan\u0131 Mustafa Bal\u0131k oldu.\u00a0<a href=\"https:\/\/anlatilaninotesi.com.tr\/20251028\/sehir-plancilari-odasi-baskani-tutuklamalar-tesaduf-degil-tasfiye-var-1100558473.html\" target=\"_blank\" class=\"feedzy-rss-link-icon\">Read More<\/a><\/p>","protected":false},"excerpt":{"rendered":"<p>Mustafa Ho\u015f&#8217;la Yol Arkada\u015f\u0131&#8217;n\u0131n bug\u00fcnk\u00fc konuklar\u0131 TMMOB \u015eehir Planc\u0131lar\u0131 Odas\u0131 Ba\u015fkan\u0131 Akif Burak Atlar ve Ceza ve Tevkifevleri Memurlar\u0131 Derne\u011fi Genel Ba\u015fkan\u0131 Mustafa Bal\u0131k oldu.Mustafa Ho\u015f&#8217;la Yol Arkada\u015f\u0131&#8217;n\u0131n bug\u00fcnk\u00fc konuklar\u0131 TMMOB \u015eehir Planc\u0131lar\u0131 Odas\u0131 Ba\u015fkan\u0131 Akif Burak Atlar ve Ceza ve Tevkifevleri Memurlar\u0131 Derne\u011fi Genel Ba\u015fkan\u0131 Mustafa Bal\u0131k oldu.\u00a0Read More<\/p>\n","protected":false},"author":1,"featured_media":0,"comment_status":"open","ping_status":"open","sticky":false,"template":"","format":"standard","meta":{"footnotes":"","_links_to":"","_links_to_target":""},"categories":[1],"tags":[],"class_list":["post-9590","post","type-post","status-publish","format-standard","hentry","category-haberler"],"_links":{"self":[{"href":"https:\/\/www.abchukuk.com\/index.php\/wp-json\/wp\/v2\/posts\/9590","targetHints":{"allow":["GET"]}}],"collection":[{"href":"https:\/\/www.abchukuk.com\/index.php\/wp-json\/wp\/v2\/posts"}],"about":[{"href":"https:\/\/www.abchukuk.com\/index.php\/wp-json\/wp\/v2\/types\/post"}],"author":[{"embeddable":true,"href":"https:\/\/www.abchukuk.com\/index.php\/wp-json\/wp\/v2\/users\/1"}],"replies":[{"embeddable":true,"href":"https:\/\/www.abchukuk.com\/index.php\/wp-json\/wp\/v2\/comments?post=9590"}],"version-history":[{"count":0,"href":"https:\/\/www.abchukuk.com\/index.php\/wp-json\/wp\/v2\/posts\/9590\/revisions"}],"wp:attachment":[{"href":"https:\/\/www.abchukuk.com\/index.php\/wp-json\/wp\/v2\/media?parent=9590"}],"wp:term":[{"taxonomy":"category","embeddable":true,"href":"https:\/\/www.abchukuk.com\/index.php\/wp-json\/wp\/v2\/categories?post=9590"},{"taxonomy":"post_tag","embeddable":true,"href":"https:\/\/www.abchukuk.com\/index.php\/wp-json\/wp\/v2\/tags?post=9590"}],"curies":[{"name":"wp","href":"https:\/\/api.w.org\/{rel}","templated":true}]}}