{"id":9588,"date":"2025-10-28T16:21:42","date_gmt":"2025-10-28T16:21:42","guid":{"rendered":"https:\/\/www.abchukuk.com\/index.php\/2025\/10\/28\/van-adliyesinden-mulhakat-adliyelerine-ziyaret\/"},"modified":"2025-10-28T16:21:42","modified_gmt":"2025-10-28T16:21:42","slug":"van-adliyesinden-mulhakat-adliyelerine-ziyaret","status":"publish","type":"post","link":"https:\/\/www.abchukuk.com\/index.php\/2025\/10\/28\/van-adliyesinden-mulhakat-adliyelerine-ziyaret\/","title":{"rendered":"Van adliyesinden m\u00fclhakat adliyelerine ziyaret"},"content":{"rendered":"<p>Van Cumhuriyet Ba\u015fsavc\u0131s\u0131 Osman Kara, Van Adalet Komisyonu Ba\u015fkan\u0131 H\u00fcseyin Gedik, Cumhuriyet Ba\u015fsavc\u0131 Vekilleri Sami K\u0131l\u0131\u00e7 ve Muhammed Y\u0131ld\u0131z, m\u00fclhakat adliyeleri olan Geva\u015f, G\u00fcrp\u0131nar ve Ba\u015fkale adliyelerine ziyaretlerde bulundu.<\/p>\n<p><img fetchpriority=\"high\" decoding=\"async\" class=\"alignnone size-large wp-image-164291\" src=\"https:\/\/www.son.tv\/wp-content\/uploads\/2025\/10\/bf5801da-f06e-445e-afbc-f1bdf5755c4b-1024x768.jpeg\" alt=\"\" width=\"1024\" height=\"768\" \/><\/p>\n<p>Ziyaretlerde meslekta\u015flarla ve adliye personeliyle bir araya gelen heyet, adliyelerdeki i\u015fleyi\u015fi ve ihtiya\u00e7lar\u0131 yerinde inceledi.<\/p>\n<p><img decoding=\"async\" class=\"alignnone size-large wp-image-164292\" src=\"https:\/\/www.son.tv\/wp-content\/uploads\/2025\/10\/98165bb4-35b0-4b37-89bf-58bfdec60fd2-1024x768.jpeg\" alt=\"\" width=\"1024\" height=\"768\" \/><\/p>\n<p>\u0130\u015eLEY\u0130\u015e VE \u0130HT\u0130YA\u00c7LAR DE\u011eERLEND\u0130R\u0130LD\u0130<br \/>\nHeyet, ziyaret ettikleri adliyelerde g\u00f6rev yapan h\u00e2kim, savc\u0131 ve personelle g\u00f6r\u00fc\u015ferek \u00e7al\u0131\u015fma ko\u015fullar\u0131, fiziki imkanlar ve i\u015f s\u00fcre\u00e7leri hakk\u0131nda bilgi ald\u0131. Ger\u00e7ekle\u015ftirilen incelemelerde, adliyelerdeki ihtiya\u00e7lar\u0131n tespiti ve \u00e7\u00f6z\u00fcm \u00f6nerileri \u00fczerine de\u011ferlendirmeler yap\u0131ld\u0131.<\/p>\n<p><img decoding=\"async\" class=\"alignnone size-large wp-image-164293\" src=\"https:\/\/www.son.tv\/wp-content\/uploads\/2025\/10\/276cd834-90b4-4dbb-9c04-67e25148d8d3-1024x768.jpeg\" alt=\"\" width=\"1024\" height=\"768\" \/><\/p>\n<p>MESLEKTA\u015eLARA DESTEK MESAJI<br \/>\nBa\u015fsavc\u0131 Osman Kara, adliyelerde g\u00f6rev yapan meslekta\u015flar\u0131na ve personele \u00e7al\u0131\u015fmalar\u0131nda ba\u015far\u0131lar dileyerek, yarg\u0131 hizmetlerinin etkinli\u011fi ve verimlili\u011fi i\u00e7in sahadaki g\u00f6zlemlerin \u00f6nemli oldu\u011funu vurgulad\u0131.<\/p>\n<p><img loading=\"lazy\" decoding=\"async\" loading=\"lazy\" class=\"alignnone size-large wp-image-164295\" src=\"https:\/\/www.son.tv\/wp-content\/uploads\/2025\/10\/e0bd3182-ed79-4486-acc8-f674b4196e31-1024x768.jpeg\" alt=\"\" width=\"1024\" height=\"768\" \/><\/p>\n<p>Van Cumhuriyet Ba\u015fsavc\u0131s\u0131 Osman Kara ile Adalet Komisyonu Ba\u015fkan\u0131 H\u00fcseyin Gedik, Ba\u015fsavc\u0131 vekilleri Sami K\u0131l\u0131\u00e7 ve Muhammed Y\u0131ld\u0131z, m\u00fclhakat adliyeleri olan Geva\u015f, G\u00fcrp\u0131nar ve Ba\u015fkale adliyelerini ziyaret ederek meslekta\u015flar\u0131 ve adliye personeliyle bir araya geldi. Heyet, adliyelerdeki i\u015fleyi\u015fi ve ihtiya\u00e7lar\u0131 yerinde inceleyip de\u011ferlendirmelerde bulundu.\u00a0<a href=\"https:\/\/www.son.tv\/van-adliyesinden-mulakat-adliyelerine-ziyaret\/\" target=\"_blank\" class=\"feedzy-rss-link-icon\">Read More<\/a><\/p>","protected":false},"excerpt":{"rendered":"<p>Van Cumhuriyet Ba\u015fsavc\u0131s\u0131 Osman Kara, Van Adalet Komisyonu Ba\u015fkan\u0131 H\u00fcseyin Gedik, Cumhuriyet Ba\u015fsavc\u0131 Vekilleri Sami K\u0131l\u0131\u00e7 ve Muhammed Y\u0131ld\u0131z, m\u00fclhakat adliyeleri olan Geva\u015f, G\u00fcrp\u0131nar ve Ba\u015fkale adliyelerine ziyaretlerde bulundu. Ziyaretlerde meslekta\u015flarla ve adliye personeliyle bir araya gelen heyet, adliyelerdeki i\u015fleyi\u015fi ve ihtiya\u00e7lar\u0131 yerinde inceledi. \u0130\u015eLEY\u0130\u015e VE \u0130HT\u0130YA\u00c7LAR DE\u011eERLEND\u0130R\u0130LD\u0130 Heyet, ziyaret ettikleri adliyelerde g\u00f6rev yapan h\u00e2kim, [&hellip;]<\/p>\n","protected":false},"author":1,"featured_media":9589,"comment_status":"open","ping_status":"open","sticky":false,"template":"","format":"standard","meta":{"footnotes":"","_links_to":"","_links_to_target":""},"categories":[1],"tags":[],"class_list":["post-9588","post","type-post","status-publish","format-standard","has-post-thumbnail","hentry","category-haberler"],"_links":{"self":[{"href":"https:\/\/www.abchukuk.com\/index.php\/wp-json\/wp\/v2\/posts\/9588","targetHints":{"allow":["GET"]}}],"collection":[{"href":"https:\/\/www.abchukuk.com\/index.php\/wp-json\/wp\/v2\/posts"}],"about":[{"href":"https:\/\/www.abchukuk.com\/index.php\/wp-json\/wp\/v2\/types\/post"}],"author":[{"embeddable":true,"href":"https:\/\/www.abchukuk.com\/index.php\/wp-json\/wp\/v2\/users\/1"}],"replies":[{"embeddable":true,"href":"https:\/\/www.abchukuk.com\/index.php\/wp-json\/wp\/v2\/comments?post=9588"}],"version-history":[{"count":0,"href":"https:\/\/www.abchukuk.com\/index.php\/wp-json\/wp\/v2\/posts\/9588\/revisions"}],"wp:featuredmedia":[{"embeddable":true,"href":"https:\/\/www.abchukuk.com\/index.php\/wp-json\/wp\/v2\/media\/9589"}],"wp:attachment":[{"href":"https:\/\/www.abchukuk.com\/index.php\/wp-json\/wp\/v2\/media?parent=9588"}],"wp:term":[{"taxonomy":"category","embeddable":true,"href":"https:\/\/www.abchukuk.com\/index.php\/wp-json\/wp\/v2\/categories?post=9588"},{"taxonomy":"post_tag","embeddable":true,"href":"https:\/\/www.abchukuk.com\/index.php\/wp-json\/wp\/v2\/tags?post=9588"}],"curies":[{"name":"wp","href":"https:\/\/api.w.org\/{rel}","templated":true}]}}