{"id":9586,"date":"2025-10-28T13:58:00","date_gmt":"2025-10-28T13:58:00","guid":{"rendered":"https:\/\/www.abchukuk.com\/index.php\/2025\/10\/28\/hacettepe-universitesinde-palali-saldiri-5-ogrenci-adliyeye-sevk-edildi\/"},"modified":"2025-10-28T13:58:00","modified_gmt":"2025-10-28T13:58:00","slug":"hacettepe-universitesinde-palali-saldiri-5-ogrenci-adliyeye-sevk-edildi","status":"publish","type":"post","link":"https:\/\/www.abchukuk.com\/index.php\/2025\/10\/28\/hacettepe-universitesinde-palali-saldiri-5-ogrenci-adliyeye-sevk-edildi\/","title":{"rendered":"Hacettepe \u00dcniversitesi&#8217;nde palal\u0131 sald\u0131r\u0131: 5 \u00f6\u011frenci adliyeye sevk edildi!"},"content":{"rendered":"<p>Hacettepe \u00dcniversitesi&#8217;nde d\u00fcn maskeli fa\u015fist bir grubun sald\u0131r\u0131s\u0131 s\u0131ras\u0131nda ve sald\u0131r\u0131da yaralanan bir \u00f6\u011frenciyi ziyaret etmek isterken polis taraf\u0131ndan g\u00f6zalt\u0131na al\u0131nan 28 \u00f6\u011frenciden 23&#8217;\u00fc serbest b\u0131rak\u0131ld\u0131. 5 \u00f6\u011frenci ise adliyeye sevk edildi.Hacettepe \u00dcniversitesi&#8217;nde d\u00fcn maskeli fa\u015fist bir grubun sald\u0131r\u0131s\u0131 s\u0131ras\u0131nda ve sald\u0131r\u0131da yaralanan bir \u00f6\u011frenciyi ziyaret etmek isterken polis taraf\u0131ndan g\u00f6zalt\u0131na al\u0131nan 28 \u00f6\u011frenciden 23&#8217;\u00fc serbest b\u0131rak\u0131ld\u0131. 5 \u00f6\u011frenci ise adliyeye sevk edildi.\u00a0<a href=\"https:\/\/www.cumhuriyet.com.tr\/turkiye\/hacettepe-universitesi-nde-palali-saldiri-5-ogrenci-adliyeye-sevk-edildi-2447764\" target=\"_blank\" class=\"feedzy-rss-link-icon\">Read More<\/a><\/p>","protected":false},"excerpt":{"rendered":"<p>Hacettepe \u00dcniversitesi&#8217;nde d\u00fcn maskeli fa\u015fist bir grubun sald\u0131r\u0131s\u0131 s\u0131ras\u0131nda ve sald\u0131r\u0131da yaralanan bir \u00f6\u011frenciyi ziyaret etmek isterken polis taraf\u0131ndan g\u00f6zalt\u0131na al\u0131nan 28 \u00f6\u011frenciden 23&#8217;\u00fc serbest b\u0131rak\u0131ld\u0131. 5 \u00f6\u011frenci ise adliyeye sevk edildi.Hacettepe \u00dcniversitesi&#8217;nde d\u00fcn maskeli fa\u015fist bir grubun sald\u0131r\u0131s\u0131 s\u0131ras\u0131nda ve sald\u0131r\u0131da yaralanan bir \u00f6\u011frenciyi ziyaret etmek isterken polis taraf\u0131ndan g\u00f6zalt\u0131na al\u0131nan 28 \u00f6\u011frenciden 23&#8217;\u00fc [&hellip;]<\/p>\n","protected":false},"author":1,"featured_media":9587,"comment_status":"open","ping_status":"open","sticky":false,"template":"","format":"standard","meta":{"footnotes":"","_links_to":"","_links_to_target":""},"categories":[1],"tags":[],"class_list":["post-9586","post","type-post","status-publish","format-standard","has-post-thumbnail","hentry","category-haberler"],"_links":{"self":[{"href":"https:\/\/www.abchukuk.com\/index.php\/wp-json\/wp\/v2\/posts\/9586","targetHints":{"allow":["GET"]}}],"collection":[{"href":"https:\/\/www.abchukuk.com\/index.php\/wp-json\/wp\/v2\/posts"}],"about":[{"href":"https:\/\/www.abchukuk.com\/index.php\/wp-json\/wp\/v2\/types\/post"}],"author":[{"embeddable":true,"href":"https:\/\/www.abchukuk.com\/index.php\/wp-json\/wp\/v2\/users\/1"}],"replies":[{"embeddable":true,"href":"https:\/\/www.abchukuk.com\/index.php\/wp-json\/wp\/v2\/comments?post=9586"}],"version-history":[{"count":0,"href":"https:\/\/www.abchukuk.com\/index.php\/wp-json\/wp\/v2\/posts\/9586\/revisions"}],"wp:featuredmedia":[{"embeddable":true,"href":"https:\/\/www.abchukuk.com\/index.php\/wp-json\/wp\/v2\/media\/9587"}],"wp:attachment":[{"href":"https:\/\/www.abchukuk.com\/index.php\/wp-json\/wp\/v2\/media?parent=9586"}],"wp:term":[{"taxonomy":"category","embeddable":true,"href":"https:\/\/www.abchukuk.com\/index.php\/wp-json\/wp\/v2\/categories?post=9586"},{"taxonomy":"post_tag","embeddable":true,"href":"https:\/\/www.abchukuk.com\/index.php\/wp-json\/wp\/v2\/tags?post=9586"}],"curies":[{"name":"wp","href":"https:\/\/api.w.org\/{rel}","templated":true}]}}