{"id":9584,"date":"2025-10-28T14:13:00","date_gmt":"2025-10-28T14:13:00","guid":{"rendered":"https:\/\/www.abchukuk.com\/index.php\/2025\/10\/28\/kesk-kamu-gorevlileri-hakem-kurulunun-2026-2027-donemine-iliskin-zam-kararini-mahkemeye-tasidi\/"},"modified":"2025-10-28T14:13:00","modified_gmt":"2025-10-28T14:13:00","slug":"kesk-kamu-gorevlileri-hakem-kurulunun-2026-2027-donemine-iliskin-zam-kararini-mahkemeye-tasidi","status":"publish","type":"post","link":"https:\/\/www.abchukuk.com\/index.php\/2025\/10\/28\/kesk-kamu-gorevlileri-hakem-kurulunun-2026-2027-donemine-iliskin-zam-kararini-mahkemeye-tasidi\/","title":{"rendered":"KESK, Kamu G\u00f6revlileri Hakem Kurulu\u2019nun 2026-2027 d\u00f6nemine ili\u015fkin zam karar\u0131n\u0131 mahkemeye ta\u015f\u0131d\u0131"},"content":{"rendered":"<p>Kamu Emek\u00e7ileri Sendikalar\u0131 Konfederasyonu (KESK), Kamu G\u00f6revlileri Hakem Kurulu\u2019nun 2026-2027 d\u00f6nemine ili\u015fkin zam oranlar\u0131n\u0131 belirleyen karar\u0131na kar\u015f\u0131 Dan\u0131\u015ftay\u2019da dava a\u00e7t\u0131.Kamu Emek\u00e7ileri Sendikalar\u0131 Konfederasyonu (KESK), Kamu G\u00f6revlileri Hakem Kurulu\u2019nun 2026-2027 d\u00f6nemine ili\u015fkin zam oranlar\u0131n\u0131 belirleyen karar\u0131na kar\u015f\u0131 Dan\u0131\u015ftay\u2019da dava a\u00e7t\u0131.\u00a0<a href=\"https:\/\/www.cumhuriyet.com.tr\/ekonomi\/kesk-kamu-gorevlileri-hakem-kurulu-nun-2026-2027-donemine-iliskin-zam-kararini-mahkemeye-tasidi-2447774\" target=\"_blank\" class=\"feedzy-rss-link-icon\">Read More<\/a><\/p>","protected":false},"excerpt":{"rendered":"<p>Kamu Emek\u00e7ileri Sendikalar\u0131 Konfederasyonu (KESK), Kamu G\u00f6revlileri Hakem Kurulu\u2019nun 2026-2027 d\u00f6nemine ili\u015fkin zam oranlar\u0131n\u0131 belirleyen karar\u0131na kar\u015f\u0131 Dan\u0131\u015ftay\u2019da dava a\u00e7t\u0131.Kamu Emek\u00e7ileri Sendikalar\u0131 Konfederasyonu (KESK), Kamu G\u00f6revlileri Hakem Kurulu\u2019nun 2026-2027 d\u00f6nemine ili\u015fkin zam oranlar\u0131n\u0131 belirleyen karar\u0131na kar\u015f\u0131 Dan\u0131\u015ftay\u2019da dava a\u00e7t\u0131.\u00a0Read More<\/p>\n","protected":false},"author":1,"featured_media":9585,"comment_status":"open","ping_status":"open","sticky":false,"template":"","format":"standard","meta":{"footnotes":"","_links_to":"","_links_to_target":""},"categories":[1],"tags":[],"class_list":["post-9584","post","type-post","status-publish","format-standard","has-post-thumbnail","hentry","category-haberler"],"_links":{"self":[{"href":"https:\/\/www.abchukuk.com\/index.php\/wp-json\/wp\/v2\/posts\/9584","targetHints":{"allow":["GET"]}}],"collection":[{"href":"https:\/\/www.abchukuk.com\/index.php\/wp-json\/wp\/v2\/posts"}],"about":[{"href":"https:\/\/www.abchukuk.com\/index.php\/wp-json\/wp\/v2\/types\/post"}],"author":[{"embeddable":true,"href":"https:\/\/www.abchukuk.com\/index.php\/wp-json\/wp\/v2\/users\/1"}],"replies":[{"embeddable":true,"href":"https:\/\/www.abchukuk.com\/index.php\/wp-json\/wp\/v2\/comments?post=9584"}],"version-history":[{"count":0,"href":"https:\/\/www.abchukuk.com\/index.php\/wp-json\/wp\/v2\/posts\/9584\/revisions"}],"wp:featuredmedia":[{"embeddable":true,"href":"https:\/\/www.abchukuk.com\/index.php\/wp-json\/wp\/v2\/media\/9585"}],"wp:attachment":[{"href":"https:\/\/www.abchukuk.com\/index.php\/wp-json\/wp\/v2\/media?parent=9584"}],"wp:term":[{"taxonomy":"category","embeddable":true,"href":"https:\/\/www.abchukuk.com\/index.php\/wp-json\/wp\/v2\/categories?post=9584"},{"taxonomy":"post_tag","embeddable":true,"href":"https:\/\/www.abchukuk.com\/index.php\/wp-json\/wp\/v2\/tags?post=9584"}],"curies":[{"name":"wp","href":"https:\/\/api.w.org\/{rel}","templated":true}]}}