{"id":9580,"date":"2025-10-28T14:16:00","date_gmt":"2025-10-28T14:16:00","guid":{"rendered":"https:\/\/www.abchukuk.com\/index.php\/2025\/10\/28\/11-yargi-paketi-meclise-geldi-mi-ne-zaman-gelecek-yeni-yargi-paketinden-af-var-mi-gelecek-mi\/"},"modified":"2025-10-28T14:16:00","modified_gmt":"2025-10-28T14:16:00","slug":"11-yargi-paketi-meclise-geldi-mi-ne-zaman-gelecek-yeni-yargi-paketinden-af-var-mi-gelecek-mi","status":"publish","type":"post","link":"https:\/\/www.abchukuk.com\/index.php\/2025\/10\/28\/11-yargi-paketi-meclise-geldi-mi-ne-zaman-gelecek-yeni-yargi-paketinden-af-var-mi-gelecek-mi\/","title":{"rendered":"11. Yarg\u0131 Paketi Meclis&#8217;e geldi mi, ne zaman gelecek? Yeni yarg\u0131 paketinden af var m\u0131, gelecek mi?"},"content":{"rendered":"<p>11. Yarg\u0131 Paketi ile ilgili \u00e7al\u0131\u015fmalar kamuoyunda yak\u0131ndan takip ediliyor. D\u00fczenlemenin T\u00fcrkiye B\u00fcy\u00fck Millet Meclisine gelip gelmedi\u011fi merak konusu oldu. Vatanda\u015flar, \u00f6zellikle af konusundaki geli\u015fmeleri dikkatle izliyor. Her g\u00fcn y\u00f6neltilen sorulardan biri de &#8220;11. Yarg\u0131 Paketi Meclis&#8217;e geldi mi, ne zaman gelecek&#8221; \u015feklinde&#8230; \u0130\u015fte son durum&#8230;11. Yarg\u0131 Paketi ile ilgili \u00e7al\u0131\u015fmalar kamuoyunda yak\u0131ndan takip ediliyor. D\u00fczenlemenin T\u00fcrkiye B\u00fcy\u00fck Millet Meclisine gelip gelmedi\u011fi merak konusu oldu. Vatanda\u015flar, \u00f6zellikle af konusundaki geli\u015fmeleri dikkatle izliyor. Her g\u00fcn y\u00f6neltilen sorulardan biri de &#8220;11. Yarg\u0131 Paketi Meclis&#8217;e geldi mi, ne zaman gelecek&#8221; \u015feklinde&#8230; \u0130\u015fte son durum&#8230;\u00a0<a href=\"https:\/\/www.dunya.com\/foto-galeri\/gundem\/11-yargi-paketi-meclise-geldi-mi-ne-zaman-gelecek-yeni-yargi-paketinden-af-var-mi-gelecek-mi-galeri-800565\" target=\"_blank\" class=\"feedzy-rss-link-icon\">Read More<\/a><\/p>","protected":false},"excerpt":{"rendered":"<p>11. Yarg\u0131 Paketi ile ilgili \u00e7al\u0131\u015fmalar kamuoyunda yak\u0131ndan takip ediliyor. D\u00fczenlemenin T\u00fcrkiye B\u00fcy\u00fck Millet Meclisine gelip gelmedi\u011fi merak konusu oldu. Vatanda\u015flar, \u00f6zellikle af konusundaki geli\u015fmeleri dikkatle izliyor. Her g\u00fcn y\u00f6neltilen sorulardan biri de &#8220;11. Yarg\u0131 Paketi Meclis&#8217;e geldi mi, ne zaman gelecek&#8221; \u015feklinde&#8230; \u0130\u015fte son durum&#8230;11. Yarg\u0131 Paketi ile ilgili \u00e7al\u0131\u015fmalar kamuoyunda yak\u0131ndan takip ediliyor. [&hellip;]<\/p>\n","protected":false},"author":1,"featured_media":9581,"comment_status":"open","ping_status":"open","sticky":false,"template":"","format":"standard","meta":{"footnotes":"","_links_to":"","_links_to_target":""},"categories":[1],"tags":[],"class_list":["post-9580","post","type-post","status-publish","format-standard","has-post-thumbnail","hentry","category-haberler"],"_links":{"self":[{"href":"https:\/\/www.abchukuk.com\/index.php\/wp-json\/wp\/v2\/posts\/9580","targetHints":{"allow":["GET"]}}],"collection":[{"href":"https:\/\/www.abchukuk.com\/index.php\/wp-json\/wp\/v2\/posts"}],"about":[{"href":"https:\/\/www.abchukuk.com\/index.php\/wp-json\/wp\/v2\/types\/post"}],"author":[{"embeddable":true,"href":"https:\/\/www.abchukuk.com\/index.php\/wp-json\/wp\/v2\/users\/1"}],"replies":[{"embeddable":true,"href":"https:\/\/www.abchukuk.com\/index.php\/wp-json\/wp\/v2\/comments?post=9580"}],"version-history":[{"count":0,"href":"https:\/\/www.abchukuk.com\/index.php\/wp-json\/wp\/v2\/posts\/9580\/revisions"}],"wp:featuredmedia":[{"embeddable":true,"href":"https:\/\/www.abchukuk.com\/index.php\/wp-json\/wp\/v2\/media\/9581"}],"wp:attachment":[{"href":"https:\/\/www.abchukuk.com\/index.php\/wp-json\/wp\/v2\/media?parent=9580"}],"wp:term":[{"taxonomy":"category","embeddable":true,"href":"https:\/\/www.abchukuk.com\/index.php\/wp-json\/wp\/v2\/categories?post=9580"},{"taxonomy":"post_tag","embeddable":true,"href":"https:\/\/www.abchukuk.com\/index.php\/wp-json\/wp\/v2\/tags?post=9580"}],"curies":[{"name":"wp","href":"https:\/\/api.w.org\/{rel}","templated":true}]}}