{"id":9579,"date":"2025-10-28T14:31:38","date_gmt":"2025-10-28T14:31:38","guid":{"rendered":"https:\/\/www.abchukuk.com\/index.php\/2025\/10\/28\/ab-komisyonu-rus-varliklarinin-kullanilmasi-konusunda-uluslararasi-hukuka-tam-saygi-gosterecegiz\/"},"modified":"2025-10-28T14:31:38","modified_gmt":"2025-10-28T14:31:38","slug":"ab-komisyonu-rus-varliklarinin-kullanilmasi-konusunda-uluslararasi-hukuka-tam-saygi-gosterecegiz","status":"publish","type":"post","link":"https:\/\/www.abchukuk.com\/index.php\/2025\/10\/28\/ab-komisyonu-rus-varliklarinin-kullanilmasi-konusunda-uluslararasi-hukuka-tam-saygi-gosterecegiz\/","title":{"rendered":"AB Komisyonu: Rus varl\u0131klar\u0131n\u0131n kullan\u0131lmas\u0131 konusunda uluslararas\u0131 hukuka tam sayg\u0131 g\u00f6sterece\u011fiz"},"content":{"rendered":"<p>Avrupa Komisyonu (AK), Rusya\u2019ya ait dondurulmu\u015f varl\u0131klar\u0131n Ukrayna\u2019ya destek amac\u0131yla kullan\u0131lmas\u0131 y\u00f6n\u00fcndeki \u00f6neri kapsam\u0131nda uluslararas\u0131 hukuka tam olarak uyulaca\u011f\u0131 taahh\u00fcd\u00fcnde bulundu.Avrupa Komisyonu (AK), Rusya\u2019ya ait dondurulmu\u015f varl\u0131klar\u0131n Ukrayna\u2019ya destek amac\u0131yla kullan\u0131lmas\u0131 y\u00f6n\u00fcndeki \u00f6neri kapsam\u0131nda uluslararas\u0131 hukuka tam olarak uyulaca\u011f\u0131 taahh\u00fcd\u00fcnde bulundu.\u00a0<a href=\"https:\/\/anlatilaninotesi.com.tr\/20251028\/ab-komisyonu-rus-varliklarinin-kullanilmasi-konusunda-uluslararasi-hukuka-tam-saygi-gosterecegiz-1100556749.html\" target=\"_blank\" class=\"feedzy-rss-link-icon\">Read More<\/a><\/p>","protected":false},"excerpt":{"rendered":"<p>Avrupa Komisyonu (AK), Rusya\u2019ya ait dondurulmu\u015f varl\u0131klar\u0131n Ukrayna\u2019ya destek amac\u0131yla kullan\u0131lmas\u0131 y\u00f6n\u00fcndeki \u00f6neri kapsam\u0131nda uluslararas\u0131 hukuka tam olarak uyulaca\u011f\u0131 taahh\u00fcd\u00fcnde bulundu.Avrupa Komisyonu (AK), Rusya\u2019ya ait dondurulmu\u015f varl\u0131klar\u0131n Ukrayna\u2019ya destek amac\u0131yla kullan\u0131lmas\u0131 y\u00f6n\u00fcndeki \u00f6neri kapsam\u0131nda uluslararas\u0131 hukuka tam olarak uyulaca\u011f\u0131 taahh\u00fcd\u00fcnde bulundu.\u00a0Read More<\/p>\n","protected":false},"author":1,"featured_media":0,"comment_status":"open","ping_status":"open","sticky":false,"template":"","format":"standard","meta":{"footnotes":"","_links_to":"","_links_to_target":""},"categories":[1],"tags":[],"class_list":["post-9579","post","type-post","status-publish","format-standard","hentry","category-haberler"],"_links":{"self":[{"href":"https:\/\/www.abchukuk.com\/index.php\/wp-json\/wp\/v2\/posts\/9579","targetHints":{"allow":["GET"]}}],"collection":[{"href":"https:\/\/www.abchukuk.com\/index.php\/wp-json\/wp\/v2\/posts"}],"about":[{"href":"https:\/\/www.abchukuk.com\/index.php\/wp-json\/wp\/v2\/types\/post"}],"author":[{"embeddable":true,"href":"https:\/\/www.abchukuk.com\/index.php\/wp-json\/wp\/v2\/users\/1"}],"replies":[{"embeddable":true,"href":"https:\/\/www.abchukuk.com\/index.php\/wp-json\/wp\/v2\/comments?post=9579"}],"version-history":[{"count":0,"href":"https:\/\/www.abchukuk.com\/index.php\/wp-json\/wp\/v2\/posts\/9579\/revisions"}],"wp:attachment":[{"href":"https:\/\/www.abchukuk.com\/index.php\/wp-json\/wp\/v2\/media?parent=9579"}],"wp:term":[{"taxonomy":"category","embeddable":true,"href":"https:\/\/www.abchukuk.com\/index.php\/wp-json\/wp\/v2\/categories?post=9579"},{"taxonomy":"post_tag","embeddable":true,"href":"https:\/\/www.abchukuk.com\/index.php\/wp-json\/wp\/v2\/tags?post=9579"}],"curies":[{"name":"wp","href":"https:\/\/api.w.org\/{rel}","templated":true}]}}