{"id":9573,"date":"2025-10-28T13:13:00","date_gmt":"2025-10-28T13:13:00","guid":{"rendered":"https:\/\/www.abchukuk.com\/index.php\/2025\/10\/28\/yusuf-tekin-erdogan-posteri-icin-anayasaya-basvurdu-okullarimizda-gorunur-olmasini-istedik\/"},"modified":"2025-10-28T13:13:00","modified_gmt":"2025-10-28T13:13:00","slug":"yusuf-tekin-erdogan-posteri-icin-anayasaya-basvurdu-okullarimizda-gorunur-olmasini-istedik","status":"publish","type":"post","link":"https:\/\/www.abchukuk.com\/index.php\/2025\/10\/28\/yusuf-tekin-erdogan-posteri-icin-anayasaya-basvurdu-okullarimizda-gorunur-olmasini-istedik\/","title":{"rendered":"Yusuf Tekin, Erdo\u011fan posteri i\u00e7in Anayasa&#8217;ya ba\u015fvurdu: &#8216;Okullar\u0131m\u0131zda g\u00f6r\u00fcn\u00fcr olmas\u0131n\u0131 istedik&#8217;"},"content":{"rendered":"<p>Milli E\u011fitim Bakan\u0131 Yusuf Tekin, okullara AKP&#8217;li Cumhurba\u015fkan\u0131 Erdo\u011fan&#8217;\u0131n posterinin as\u0131lmas\u0131 talimat\u0131 i\u00e7in, &#8220;Anayasa&#8217;m\u0131z\u0131n 104. maddesi \u00e7ok a\u00e7\u0131k, Cumhuriyet&#8217;imizi ve milli birlik beraberli\u011fimizi temsil etmek durumunda olan ki\u015fi Cumhurba\u015fkan\u0131m\u0131z&#8221; ifadelerini kulland\u0131.Milli E\u011fitim Bakan\u0131 Yusuf Tekin, okullara AKP&#8217;li Cumhurba\u015fkan\u0131 Erdo\u011fan&#8217;\u0131n posterinin as\u0131lmas\u0131 talimat\u0131 i\u00e7in, &#8220;Anayasa&#8217;m\u0131z\u0131n 104. maddesi \u00e7ok a\u00e7\u0131k, Cumhuriyet&#8217;imizi ve milli birlik beraberli\u011fimizi temsil etmek durumunda olan ki\u015fi Cumhurba\u015fkan\u0131m\u0131z&#8221; ifadelerini kulland\u0131.\u00a0<a href=\"https:\/\/www.cumhuriyet.com.tr\/turkiye\/yusuf-tekin-erdogan-posteri-icin-anayasa-ya-basvurdu-okullarimizda-gorunur-olmasini-istedik-2447749\" target=\"_blank\" class=\"feedzy-rss-link-icon\">Read More<\/a><\/p>","protected":false},"excerpt":{"rendered":"<p>Milli E\u011fitim Bakan\u0131 Yusuf Tekin, okullara AKP&#8217;li Cumhurba\u015fkan\u0131 Erdo\u011fan&#8217;\u0131n posterinin as\u0131lmas\u0131 talimat\u0131 i\u00e7in, &#8220;Anayasa&#8217;m\u0131z\u0131n 104. maddesi \u00e7ok a\u00e7\u0131k, Cumhuriyet&#8217;imizi ve milli birlik beraberli\u011fimizi temsil etmek durumunda olan ki\u015fi Cumhurba\u015fkan\u0131m\u0131z&#8221; ifadelerini kulland\u0131.Milli E\u011fitim Bakan\u0131 Yusuf Tekin, okullara AKP&#8217;li Cumhurba\u015fkan\u0131 Erdo\u011fan&#8217;\u0131n posterinin as\u0131lmas\u0131 talimat\u0131 i\u00e7in, &#8220;Anayasa&#8217;m\u0131z\u0131n 104. maddesi \u00e7ok a\u00e7\u0131k, Cumhuriyet&#8217;imizi ve milli birlik beraberli\u011fimizi temsil etmek [&hellip;]<\/p>\n","protected":false},"author":1,"featured_media":9574,"comment_status":"open","ping_status":"open","sticky":false,"template":"","format":"standard","meta":{"footnotes":"","_links_to":"","_links_to_target":""},"categories":[1],"tags":[],"class_list":["post-9573","post","type-post","status-publish","format-standard","has-post-thumbnail","hentry","category-haberler"],"_links":{"self":[{"href":"https:\/\/www.abchukuk.com\/index.php\/wp-json\/wp\/v2\/posts\/9573","targetHints":{"allow":["GET"]}}],"collection":[{"href":"https:\/\/www.abchukuk.com\/index.php\/wp-json\/wp\/v2\/posts"}],"about":[{"href":"https:\/\/www.abchukuk.com\/index.php\/wp-json\/wp\/v2\/types\/post"}],"author":[{"embeddable":true,"href":"https:\/\/www.abchukuk.com\/index.php\/wp-json\/wp\/v2\/users\/1"}],"replies":[{"embeddable":true,"href":"https:\/\/www.abchukuk.com\/index.php\/wp-json\/wp\/v2\/comments?post=9573"}],"version-history":[{"count":0,"href":"https:\/\/www.abchukuk.com\/index.php\/wp-json\/wp\/v2\/posts\/9573\/revisions"}],"wp:featuredmedia":[{"embeddable":true,"href":"https:\/\/www.abchukuk.com\/index.php\/wp-json\/wp\/v2\/media\/9574"}],"wp:attachment":[{"href":"https:\/\/www.abchukuk.com\/index.php\/wp-json\/wp\/v2\/media?parent=9573"}],"wp:term":[{"taxonomy":"category","embeddable":true,"href":"https:\/\/www.abchukuk.com\/index.php\/wp-json\/wp\/v2\/categories?post=9573"},{"taxonomy":"post_tag","embeddable":true,"href":"https:\/\/www.abchukuk.com\/index.php\/wp-json\/wp\/v2\/tags?post=9573"}],"curies":[{"name":"wp","href":"https:\/\/api.w.org\/{rel}","templated":true}]}}