{"id":9571,"date":"2025-10-28T13:37:06","date_gmt":"2025-10-28T13:37:06","guid":{"rendered":"https:\/\/www.abchukuk.com\/index.php\/2025\/10\/28\/yenidogan-savcisina-tehditte-tahliyelere-itiraz\/"},"modified":"2025-10-28T13:37:06","modified_gmt":"2025-10-28T13:37:06","slug":"yenidogan-savcisina-tehditte-tahliyelere-itiraz","status":"publish","type":"post","link":"https:\/\/www.abchukuk.com\/index.php\/2025\/10\/28\/yenidogan-savcisina-tehditte-tahliyelere-itiraz\/","title":{"rendered":"&#8216;Yenido\u011fan&#8217; Savc\u0131s\u0131na Tehditte Tahliyelere \u0130tiraz"},"content":{"rendered":"<p><a href=\"https:\/\/www.gercekgundem.com\/guncel\/yenidogan-savcisina-tehditte-tahliyelere-itiraz-561074\"><br \/>\n                                                            <img decoding=\"async\" src=\"https:\/\/i.gercekgundem.com\/2\/150\/84\/storage\/files\/images\/2025\/10\/28\/yenidogan-savcisina-tehditte-tahliyelere-itiraz-chkr.jpg\" width=\"150\" height=\"84\" border=\"0\" align=\"right\" \/><br \/>\n                                                    <\/a><\/p>\n<h4>&#8216;Yenido\u011fan \u00e7etesi&#8217; soru\u015fturmas\u0131n\u0131 y\u00fcr\u00fctt\u00fc\u011f\u00fc s\u0131rada Cumhuriyet Savc\u0131s\u0131 Yavuz Engin&#8217;in \u00f6l\u00fcmle tehdit edilmesiyle ilgili davada 5 san\u0131\u011f\u0131n tahliye edilmesine itiraz edildi.<\/h4>\n<p>&#8216;Yenido\u011fan \u00e7etesi&#8217; soru\u015fturmas\u0131n\u0131 y\u00fcr\u00fctt\u00fc\u011f\u00fc s\u0131rada Cumhuriyet Savc\u0131s\u0131 Yavuz Engin&#8217;in \u00f6l\u00fcmle tehdit edilmesiyle ilgili davada 5 san\u0131\u011f\u0131n tahliye edilmesine itiraz edildi.\u00a0<a href=\"https:\/\/www.gercekgundem.com\/guncel\/yenidogan-savcisina-tehditte-tahliyelere-itiraz-561074\" target=\"_blank\" class=\"feedzy-rss-link-icon\">Read More<\/a><\/p>","protected":false},"excerpt":{"rendered":"<p>&#8216;Yenido\u011fan \u00e7etesi&#8217; soru\u015fturmas\u0131n\u0131 y\u00fcr\u00fctt\u00fc\u011f\u00fc s\u0131rada Cumhuriyet Savc\u0131s\u0131 Yavuz Engin&#8217;in \u00f6l\u00fcmle tehdit edilmesiyle ilgili davada 5 san\u0131\u011f\u0131n tahliye edilmesine itiraz edildi. &#8216;Yenido\u011fan \u00e7etesi&#8217; soru\u015fturmas\u0131n\u0131 y\u00fcr\u00fctt\u00fc\u011f\u00fc s\u0131rada Cumhuriyet Savc\u0131s\u0131 Yavuz Engin&#8217;in \u00f6l\u00fcmle tehdit edilmesiyle ilgili davada 5 san\u0131\u011f\u0131n tahliye edilmesine itiraz edildi.\u00a0Read More<\/p>\n","protected":false},"author":1,"featured_media":9572,"comment_status":"open","ping_status":"open","sticky":false,"template":"","format":"standard","meta":{"footnotes":"","_links_to":"","_links_to_target":""},"categories":[1],"tags":[],"class_list":["post-9571","post","type-post","status-publish","format-standard","has-post-thumbnail","hentry","category-haberler"],"_links":{"self":[{"href":"https:\/\/www.abchukuk.com\/index.php\/wp-json\/wp\/v2\/posts\/9571","targetHints":{"allow":["GET"]}}],"collection":[{"href":"https:\/\/www.abchukuk.com\/index.php\/wp-json\/wp\/v2\/posts"}],"about":[{"href":"https:\/\/www.abchukuk.com\/index.php\/wp-json\/wp\/v2\/types\/post"}],"author":[{"embeddable":true,"href":"https:\/\/www.abchukuk.com\/index.php\/wp-json\/wp\/v2\/users\/1"}],"replies":[{"embeddable":true,"href":"https:\/\/www.abchukuk.com\/index.php\/wp-json\/wp\/v2\/comments?post=9571"}],"version-history":[{"count":0,"href":"https:\/\/www.abchukuk.com\/index.php\/wp-json\/wp\/v2\/posts\/9571\/revisions"}],"wp:featuredmedia":[{"embeddable":true,"href":"https:\/\/www.abchukuk.com\/index.php\/wp-json\/wp\/v2\/media\/9572"}],"wp:attachment":[{"href":"https:\/\/www.abchukuk.com\/index.php\/wp-json\/wp\/v2\/media?parent=9571"}],"wp:term":[{"taxonomy":"category","embeddable":true,"href":"https:\/\/www.abchukuk.com\/index.php\/wp-json\/wp\/v2\/categories?post=9571"},{"taxonomy":"post_tag","embeddable":true,"href":"https:\/\/www.abchukuk.com\/index.php\/wp-json\/wp\/v2\/tags?post=9571"}],"curies":[{"name":"wp","href":"https:\/\/api.w.org\/{rel}","templated":true}]}}