{"id":9567,"date":"2025-10-28T12:16:00","date_gmt":"2025-10-28T12:16:00","guid":{"rendered":"https:\/\/www.abchukuk.com\/index.php\/2025\/10\/28\/chdnin-ciplak-arama-sikayetine-bassavciliktan-takipsizlik-karari\/"},"modified":"2025-10-28T12:16:00","modified_gmt":"2025-10-28T12:16:00","slug":"chdnin-ciplak-arama-sikayetine-bassavciliktan-takipsizlik-karari","status":"publish","type":"post","link":"https:\/\/www.abchukuk.com\/index.php\/2025\/10\/28\/chdnin-ciplak-arama-sikayetine-bassavciliktan-takipsizlik-karari\/","title":{"rendered":"\u00c7HD&#8217;nin &#8216;\u00e7\u0131plak arama&#8217; \u015fikayetine ba\u015fsavc\u0131l\u0131ktan &#8216;takipsizlik&#8217; karar\u0131"},"content":{"rendered":"<p>Ankara&#8217;da &#8217;19 Mart darbesi&#8217;ne kar\u015f\u0131 yap\u0131lan protestolarda g\u00f6zalt\u0131na al\u0131nanlara \u00e7\u0131plak arama yap\u0131ld\u0131\u011f\u0131na ili\u015fkin ba\u015flat\u0131lan soru\u015fturmada Ankara Cumhuriyet Ba\u015fsavc\u0131l\u0131\u011f\u0131 taraf\u0131ndan &#8216;takipsizlik&#8217; karar\u0131 verildi.Ankara&#8217;da &#8217;19 Mart darbesi&#8217;ne kar\u015f\u0131 yap\u0131lan protestolarda g\u00f6zalt\u0131na al\u0131nanlara \u00e7\u0131plak arama yap\u0131ld\u0131\u011f\u0131na ili\u015fkin ba\u015flat\u0131lan soru\u015fturmada Ankara Cumhuriyet Ba\u015fsavc\u0131l\u0131\u011f\u0131 taraf\u0131ndan &#8216;takipsizlik&#8217; karar\u0131 verildi.\u00a0<a href=\"https:\/\/www.cumhuriyet.com.tr\/siyaset\/chd-nin-ciplak-arama-sikayetine-bassavciliktan-takipsizlik-karari-2447703\" target=\"_blank\" class=\"feedzy-rss-link-icon\">Read More<\/a><\/p>","protected":false},"excerpt":{"rendered":"<p>Ankara&#8217;da &#8217;19 Mart darbesi&#8217;ne kar\u015f\u0131 yap\u0131lan protestolarda g\u00f6zalt\u0131na al\u0131nanlara \u00e7\u0131plak arama yap\u0131ld\u0131\u011f\u0131na ili\u015fkin ba\u015flat\u0131lan soru\u015fturmada Ankara Cumhuriyet Ba\u015fsavc\u0131l\u0131\u011f\u0131 taraf\u0131ndan &#8216;takipsizlik&#8217; karar\u0131 verildi.Ankara&#8217;da &#8217;19 Mart darbesi&#8217;ne kar\u015f\u0131 yap\u0131lan protestolarda g\u00f6zalt\u0131na al\u0131nanlara \u00e7\u0131plak arama yap\u0131ld\u0131\u011f\u0131na ili\u015fkin ba\u015flat\u0131lan soru\u015fturmada Ankara Cumhuriyet Ba\u015fsavc\u0131l\u0131\u011f\u0131 taraf\u0131ndan &#8216;takipsizlik&#8217; karar\u0131 verildi.\u00a0Read More<\/p>\n","protected":false},"author":1,"featured_media":9568,"comment_status":"open","ping_status":"open","sticky":false,"template":"","format":"standard","meta":{"footnotes":"","_links_to":"","_links_to_target":""},"categories":[1],"tags":[],"class_list":["post-9567","post","type-post","status-publish","format-standard","has-post-thumbnail","hentry","category-haberler"],"_links":{"self":[{"href":"https:\/\/www.abchukuk.com\/index.php\/wp-json\/wp\/v2\/posts\/9567","targetHints":{"allow":["GET"]}}],"collection":[{"href":"https:\/\/www.abchukuk.com\/index.php\/wp-json\/wp\/v2\/posts"}],"about":[{"href":"https:\/\/www.abchukuk.com\/index.php\/wp-json\/wp\/v2\/types\/post"}],"author":[{"embeddable":true,"href":"https:\/\/www.abchukuk.com\/index.php\/wp-json\/wp\/v2\/users\/1"}],"replies":[{"embeddable":true,"href":"https:\/\/www.abchukuk.com\/index.php\/wp-json\/wp\/v2\/comments?post=9567"}],"version-history":[{"count":0,"href":"https:\/\/www.abchukuk.com\/index.php\/wp-json\/wp\/v2\/posts\/9567\/revisions"}],"wp:featuredmedia":[{"embeddable":true,"href":"https:\/\/www.abchukuk.com\/index.php\/wp-json\/wp\/v2\/media\/9568"}],"wp:attachment":[{"href":"https:\/\/www.abchukuk.com\/index.php\/wp-json\/wp\/v2\/media?parent=9567"}],"wp:term":[{"taxonomy":"category","embeddable":true,"href":"https:\/\/www.abchukuk.com\/index.php\/wp-json\/wp\/v2\/categories?post=9567"},{"taxonomy":"post_tag","embeddable":true,"href":"https:\/\/www.abchukuk.com\/index.php\/wp-json\/wp\/v2\/tags?post=9567"}],"curies":[{"name":"wp","href":"https:\/\/api.w.org\/{rel}","templated":true}]}}