{"id":9565,"date":"2025-10-28T12:19:00","date_gmt":"2025-10-28T12:19:00","guid":{"rendered":"https:\/\/www.abchukuk.com\/index.php\/2025\/10\/28\/11-yargi-paketi-protestolari-suruyor-yasaklara-da-ciplak-arama-iskencesine-de-alismayacagiz\/"},"modified":"2025-10-28T12:19:00","modified_gmt":"2025-10-28T12:19:00","slug":"11-yargi-paketi-protestolari-suruyor-yasaklara-da-ciplak-arama-iskencesine-de-alismayacagiz","status":"publish","type":"post","link":"https:\/\/www.abchukuk.com\/index.php\/2025\/10\/28\/11-yargi-paketi-protestolari-suruyor-yasaklara-da-ciplak-arama-iskencesine-de-alismayacagiz\/","title":{"rendered":"11. Yarg\u0131 Paketi protestolar\u0131 s\u00fcr\u00fcyor: &#8216;Yasaklara da \u00e7\u0131plak arama i\u015fkencesine de al\u0131\u015fmayaca\u011f\u0131z&#8217;"},"content":{"rendered":"<p>Medeni Haklar\u0131m\u0131zdan Vazge\u00e7miyoruz Kampanya Grubu, Kad\u0131k\u00f6y&#8217;de d\u00fczenledikleri 11. Yarg\u0131 Paketi&#8217;nde g\u00f6zalt\u0131na al\u0131nan eylemcilerin \u00e7\u0131plak arama i\u015fkencesine maruz b\u0131rak\u0131ld\u0131\u011f\u0131n\u0131 \u00f6ne s\u00fcrd\u00fc. Grup taraf\u0131ndan yap\u0131lan a\u00e7\u0131klamada &#8220;Eylemlerimizin keyfi yasaklarla engellenmesine de, \u2018rutin arama\u2019 ad\u0131 alt\u0131nda uygulanan \u00e7\u0131plak arama i\u015fkencesine de al\u0131\u015fmayaca\u011f\u0131z&#8221; denildi.Medeni Haklar\u0131m\u0131zdan Vazge\u00e7miyoruz Kampanya Grubu, Kad\u0131k\u00f6y&#8217;de d\u00fczenledikleri 11. Yarg\u0131 Paketi&#8217;nde g\u00f6zalt\u0131na al\u0131nan eylemcilerin \u00e7\u0131plak arama i\u015fkencesine maruz b\u0131rak\u0131ld\u0131\u011f\u0131n\u0131 \u00f6ne s\u00fcrd\u00fc. Grup taraf\u0131ndan yap\u0131lan a\u00e7\u0131klamada &#8220;Eylemlerimizin keyfi yasaklarla engellenmesine de, \u2018rutin arama\u2019 ad\u0131 alt\u0131nda uygulanan \u00e7\u0131plak arama i\u015fkencesine de al\u0131\u015fmayaca\u011f\u0131z&#8221; denildi.\u00a0<a href=\"https:\/\/www.cumhuriyet.com.tr\/turkiye\/11-yargi-paketi-protestolari-suruyor-yasaklara-da-ciplak-arama-iskencesine-de-alismayacagiz-2447708\" target=\"_blank\" class=\"feedzy-rss-link-icon\">Read More<\/a><\/p>","protected":false},"excerpt":{"rendered":"<p>Medeni Haklar\u0131m\u0131zdan Vazge\u00e7miyoruz Kampanya Grubu, Kad\u0131k\u00f6y&#8217;de d\u00fczenledikleri 11. Yarg\u0131 Paketi&#8217;nde g\u00f6zalt\u0131na al\u0131nan eylemcilerin \u00e7\u0131plak arama i\u015fkencesine maruz b\u0131rak\u0131ld\u0131\u011f\u0131n\u0131 \u00f6ne s\u00fcrd\u00fc. Grup taraf\u0131ndan yap\u0131lan a\u00e7\u0131klamada &#8220;Eylemlerimizin keyfi yasaklarla engellenmesine de, \u2018rutin arama\u2019 ad\u0131 alt\u0131nda uygulanan \u00e7\u0131plak arama i\u015fkencesine de al\u0131\u015fmayaca\u011f\u0131z&#8221; denildi.Medeni Haklar\u0131m\u0131zdan Vazge\u00e7miyoruz Kampanya Grubu, Kad\u0131k\u00f6y&#8217;de d\u00fczenledikleri 11. Yarg\u0131 Paketi&#8217;nde g\u00f6zalt\u0131na al\u0131nan eylemcilerin \u00e7\u0131plak arama i\u015fkencesine [&hellip;]<\/p>\n","protected":false},"author":1,"featured_media":9566,"comment_status":"open","ping_status":"open","sticky":false,"template":"","format":"standard","meta":{"footnotes":"","_links_to":"","_links_to_target":""},"categories":[1],"tags":[],"class_list":["post-9565","post","type-post","status-publish","format-standard","has-post-thumbnail","hentry","category-haberler"],"_links":{"self":[{"href":"https:\/\/www.abchukuk.com\/index.php\/wp-json\/wp\/v2\/posts\/9565","targetHints":{"allow":["GET"]}}],"collection":[{"href":"https:\/\/www.abchukuk.com\/index.php\/wp-json\/wp\/v2\/posts"}],"about":[{"href":"https:\/\/www.abchukuk.com\/index.php\/wp-json\/wp\/v2\/types\/post"}],"author":[{"embeddable":true,"href":"https:\/\/www.abchukuk.com\/index.php\/wp-json\/wp\/v2\/users\/1"}],"replies":[{"embeddable":true,"href":"https:\/\/www.abchukuk.com\/index.php\/wp-json\/wp\/v2\/comments?post=9565"}],"version-history":[{"count":0,"href":"https:\/\/www.abchukuk.com\/index.php\/wp-json\/wp\/v2\/posts\/9565\/revisions"}],"wp:featuredmedia":[{"embeddable":true,"href":"https:\/\/www.abchukuk.com\/index.php\/wp-json\/wp\/v2\/media\/9566"}],"wp:attachment":[{"href":"https:\/\/www.abchukuk.com\/index.php\/wp-json\/wp\/v2\/media?parent=9565"}],"wp:term":[{"taxonomy":"category","embeddable":true,"href":"https:\/\/www.abchukuk.com\/index.php\/wp-json\/wp\/v2\/categories?post=9565"},{"taxonomy":"post_tag","embeddable":true,"href":"https:\/\/www.abchukuk.com\/index.php\/wp-json\/wp\/v2\/tags?post=9565"}],"curies":[{"name":"wp","href":"https:\/\/api.w.org\/{rel}","templated":true}]}}