{"id":9563,"date":"2025-10-28T12:53:00","date_gmt":"2025-10-28T12:53:00","guid":{"rendered":"https:\/\/www.abchukuk.com\/index.php\/2025\/10\/28\/chpli-tanrikulu-silivri-cezaevi-artik-bir-toplama-kampina-donusmustur\/"},"modified":"2025-10-28T12:53:00","modified_gmt":"2025-10-28T12:53:00","slug":"chpli-tanrikulu-silivri-cezaevi-artik-bir-toplama-kampina-donusmustur","status":"publish","type":"post","link":"https:\/\/www.abchukuk.com\/index.php\/2025\/10\/28\/chpli-tanrikulu-silivri-cezaevi-artik-bir-toplama-kampina-donusmustur\/","title":{"rendered":"CHP&#8217;li Tanr\u0131kulu: Silivri Cezaevi art\u0131k bir toplama kamp\u0131na d\u00f6n\u00fc\u015fm\u00fc\u015ft\u00fcr"},"content":{"rendered":"<p>CHP&#8217;li Sezgin Tanr\u0131kulu, &#8220;Art\u0131k Silivri bir cezaevi havas\u0131 vermiyor bizlere. Bir toplama kamp\u0131na d\u00f6n\u00fc\u015fm\u00fc\u015ft\u00fcr. Adalet ve Kalkma Partisi&#8217;nin her meslekten, her inan\u00e7tan, her ya\u015ftan, her cinsiyetten muhaliflerin topland\u0131\u011f\u0131 bir toplama kamp\u0131. Her g\u00fcn yap\u0131lan yarg\u0131 darbesi var. Silahl\u0131 Kuvvetler&#8217;e hi\u00e7 ihtiya\u00e7 yok darbe i\u00e7in&#8221; dedi.CHP&#8217;li Sezgin Tanr\u0131kulu, &#8220;Art\u0131k Silivri bir cezaevi havas\u0131 vermiyor bizlere. Bir toplama kamp\u0131na d\u00f6n\u00fc\u015fm\u00fc\u015ft\u00fcr. Adalet ve Kalkma Partisi&#8217;nin her meslekten, her inan\u00e7tan, her ya\u015ftan, her cinsiyetten muhaliflerin topland\u0131\u011f\u0131 bir toplama kamp\u0131. Her g\u00fcn yap\u0131lan yarg\u0131 darbesi var. Silahl\u0131 Kuvvetler&#8217;e hi\u00e7 ihtiya\u00e7 yok darbe i\u00e7in&#8221; dedi.\u00a0<a href=\"https:\/\/www.cumhuriyet.com.tr\/siyaset\/chp-li-tanrikulu-silivri-cezaevi-artik-bir-toplama-kampina-donusmustur-2447728\" target=\"_blank\" class=\"feedzy-rss-link-icon\">Read More<\/a><\/p>","protected":false},"excerpt":{"rendered":"<p>CHP&#8217;li Sezgin Tanr\u0131kulu, &#8220;Art\u0131k Silivri bir cezaevi havas\u0131 vermiyor bizlere. Bir toplama kamp\u0131na d\u00f6n\u00fc\u015fm\u00fc\u015ft\u00fcr. Adalet ve Kalkma Partisi&#8217;nin her meslekten, her inan\u00e7tan, her ya\u015ftan, her cinsiyetten muhaliflerin topland\u0131\u011f\u0131 bir toplama kamp\u0131. Her g\u00fcn yap\u0131lan yarg\u0131 darbesi var. Silahl\u0131 Kuvvetler&#8217;e hi\u00e7 ihtiya\u00e7 yok darbe i\u00e7in&#8221; dedi.CHP&#8217;li Sezgin Tanr\u0131kulu, &#8220;Art\u0131k Silivri bir cezaevi havas\u0131 vermiyor bizlere. Bir [&hellip;]<\/p>\n","protected":false},"author":1,"featured_media":9564,"comment_status":"open","ping_status":"open","sticky":false,"template":"","format":"standard","meta":{"footnotes":"","_links_to":"","_links_to_target":""},"categories":[1],"tags":[],"class_list":["post-9563","post","type-post","status-publish","format-standard","has-post-thumbnail","hentry","category-haberler"],"_links":{"self":[{"href":"https:\/\/www.abchukuk.com\/index.php\/wp-json\/wp\/v2\/posts\/9563","targetHints":{"allow":["GET"]}}],"collection":[{"href":"https:\/\/www.abchukuk.com\/index.php\/wp-json\/wp\/v2\/posts"}],"about":[{"href":"https:\/\/www.abchukuk.com\/index.php\/wp-json\/wp\/v2\/types\/post"}],"author":[{"embeddable":true,"href":"https:\/\/www.abchukuk.com\/index.php\/wp-json\/wp\/v2\/users\/1"}],"replies":[{"embeddable":true,"href":"https:\/\/www.abchukuk.com\/index.php\/wp-json\/wp\/v2\/comments?post=9563"}],"version-history":[{"count":0,"href":"https:\/\/www.abchukuk.com\/index.php\/wp-json\/wp\/v2\/posts\/9563\/revisions"}],"wp:featuredmedia":[{"embeddable":true,"href":"https:\/\/www.abchukuk.com\/index.php\/wp-json\/wp\/v2\/media\/9564"}],"wp:attachment":[{"href":"https:\/\/www.abchukuk.com\/index.php\/wp-json\/wp\/v2\/media?parent=9563"}],"wp:term":[{"taxonomy":"category","embeddable":true,"href":"https:\/\/www.abchukuk.com\/index.php\/wp-json\/wp\/v2\/categories?post=9563"},{"taxonomy":"post_tag","embeddable":true,"href":"https:\/\/www.abchukuk.com\/index.php\/wp-json\/wp\/v2\/tags?post=9563"}],"curies":[{"name":"wp","href":"https:\/\/api.w.org\/{rel}","templated":true}]}}