{"id":9561,"date":"2025-10-28T11:22:00","date_gmt":"2025-10-28T11:22:00","guid":{"rendered":"https:\/\/www.abchukuk.com\/index.php\/2025\/10\/28\/manavgat-belediyesine-sorusturma-kapsaminda-6-ilde-es-zamanli-operasyon-24-kisi-gozaltinda\/"},"modified":"2025-10-28T11:22:00","modified_gmt":"2025-10-28T11:22:00","slug":"manavgat-belediyesine-sorusturma-kapsaminda-6-ilde-es-zamanli-operasyon-24-kisi-gozaltinda","status":"publish","type":"post","link":"https:\/\/www.abchukuk.com\/index.php\/2025\/10\/28\/manavgat-belediyesine-sorusturma-kapsaminda-6-ilde-es-zamanli-operasyon-24-kisi-gozaltinda\/","title":{"rendered":"Manavgat Belediyesi&#8217;ne soru\u015fturma kapsam\u0131nda 6 ilde e\u015f zamanl\u0131 operasyon: 24 ki\u015fi g\u00f6zalt\u0131nda!"},"content":{"rendered":"<p>\u00d6nceki d\u00f6nem Manavgat Belediye Ba\u015fkan\u0131 \u015e\u00fckr\u00fc S\u00f6zen d\u00f6nemine ili\u015fkin &#8220;r\u00fc\u015fvet&#8221;, &#8220;ihaleye fesat kar\u0131\u015ft\u0131rma&#8221; ve &#8220;yolsuzluk&#8221; soru\u015fturmas\u0131 kapsam\u0131nda jandarma taraf\u0131ndan 6 ilde e\u015f zamanl\u0131 operasyon d\u00fczenlendi. Operasyonda 24 ki\u015fi g\u00f6zalt\u0131na al\u0131nd\u0131.\u00d6nceki d\u00f6nem Manavgat Belediye Ba\u015fkan\u0131 \u015e\u00fckr\u00fc S\u00f6zen d\u00f6nemine ili\u015fkin &#8220;r\u00fc\u015fvet&#8221;, &#8220;ihaleye fesat kar\u0131\u015ft\u0131rma&#8221; ve &#8220;yolsuzluk&#8221; soru\u015fturmas\u0131 kapsam\u0131nda jandarma taraf\u0131ndan 6 ilde e\u015f zamanl\u0131 operasyon d\u00fczenlendi. Operasyonda 24 ki\u015fi g\u00f6zalt\u0131na al\u0131nd\u0131.\u00a0<a href=\"https:\/\/www.cumhuriyet.com.tr\/siyaset\/manavgat-belediyesi-ne-sorusturma-kapsaminda-6-ilde-es-zamanli-operasyon-24-kisi-gozaltinda-2447686\" target=\"_blank\" class=\"feedzy-rss-link-icon\">Read More<\/a><\/p>","protected":false},"excerpt":{"rendered":"<p>\u00d6nceki d\u00f6nem Manavgat Belediye Ba\u015fkan\u0131 \u015e\u00fckr\u00fc S\u00f6zen d\u00f6nemine ili\u015fkin &#8220;r\u00fc\u015fvet&#8221;, &#8220;ihaleye fesat kar\u0131\u015ft\u0131rma&#8221; ve &#8220;yolsuzluk&#8221; soru\u015fturmas\u0131 kapsam\u0131nda jandarma taraf\u0131ndan 6 ilde e\u015f zamanl\u0131 operasyon d\u00fczenlendi. Operasyonda 24 ki\u015fi g\u00f6zalt\u0131na al\u0131nd\u0131.\u00d6nceki d\u00f6nem Manavgat Belediye Ba\u015fkan\u0131 \u015e\u00fckr\u00fc S\u00f6zen d\u00f6nemine ili\u015fkin &#8220;r\u00fc\u015fvet&#8221;, &#8220;ihaleye fesat kar\u0131\u015ft\u0131rma&#8221; ve &#8220;yolsuzluk&#8221; soru\u015fturmas\u0131 kapsam\u0131nda jandarma taraf\u0131ndan 6 ilde e\u015f zamanl\u0131 operasyon d\u00fczenlendi. Operasyonda [&hellip;]<\/p>\n","protected":false},"author":1,"featured_media":9562,"comment_status":"open","ping_status":"open","sticky":false,"template":"","format":"standard","meta":{"footnotes":"","_links_to":"","_links_to_target":""},"categories":[1],"tags":[],"class_list":["post-9561","post","type-post","status-publish","format-standard","has-post-thumbnail","hentry","category-haberler"],"_links":{"self":[{"href":"https:\/\/www.abchukuk.com\/index.php\/wp-json\/wp\/v2\/posts\/9561","targetHints":{"allow":["GET"]}}],"collection":[{"href":"https:\/\/www.abchukuk.com\/index.php\/wp-json\/wp\/v2\/posts"}],"about":[{"href":"https:\/\/www.abchukuk.com\/index.php\/wp-json\/wp\/v2\/types\/post"}],"author":[{"embeddable":true,"href":"https:\/\/www.abchukuk.com\/index.php\/wp-json\/wp\/v2\/users\/1"}],"replies":[{"embeddable":true,"href":"https:\/\/www.abchukuk.com\/index.php\/wp-json\/wp\/v2\/comments?post=9561"}],"version-history":[{"count":0,"href":"https:\/\/www.abchukuk.com\/index.php\/wp-json\/wp\/v2\/posts\/9561\/revisions"}],"wp:featuredmedia":[{"embeddable":true,"href":"https:\/\/www.abchukuk.com\/index.php\/wp-json\/wp\/v2\/media\/9562"}],"wp:attachment":[{"href":"https:\/\/www.abchukuk.com\/index.php\/wp-json\/wp\/v2\/media?parent=9561"}],"wp:term":[{"taxonomy":"category","embeddable":true,"href":"https:\/\/www.abchukuk.com\/index.php\/wp-json\/wp\/v2\/categories?post=9561"},{"taxonomy":"post_tag","embeddable":true,"href":"https:\/\/www.abchukuk.com\/index.php\/wp-json\/wp\/v2\/tags?post=9561"}],"curies":[{"name":"wp","href":"https:\/\/api.w.org\/{rel}","templated":true}]}}